{"id":32397,"date":"2023-01-05T12:50:15","date_gmt":"2023-01-05T11:50:15","guid":{"rendered":"https:\/\/deutsche-gemeinschaft.eu\/werkstatt-zeitzeugen\/"},"modified":"2023-01-05T12:50:15","modified_gmt":"2023-01-05T11:50:15","slug":"werkstatt-zeitzeugen","status":"publish","type":"post","link":"https:\/\/deutsche-gemeinschaft.eu\/de\/werkstatt-zeitzeugen\/","title":{"rendered":"Werkstatt &#8222;Zeitzeugen&#8220;"},"content":{"rendered":"<div class=\"fusion-fullwidth fullwidth-box fusion-builder-row-1 fusion-flex-container nonhundred-percent-fullwidth non-hundred-percent-height-scrolling\" style=\"--awb-border-radius-top-left:0px;--awb-border-radius-top-right:0px;--awb-border-radius-bottom-right:0px;--awb-border-radius-bottom-left:0px;--awb-flex-wrap:wrap;\" ><div class=\"fusion-builder-row fusion-row fusion-flex-align-items-flex-start fusion-flex-content-wrap\" style=\"max-width:1414.4px;margin-left: calc(-4% \/ 2 );margin-right: calc(-4% \/ 2 );\"><div class=\"fusion-layout-column fusion_builder_column fusion-builder-column-0 fusion_builder_column_1_2 1_2 fusion-flex-column\" style=\"--awb-bg-size:cover;--awb-width-large:50%;--awb-margin-top-large:0px;--awb-spacing-right-large:3.84%;--awb-margin-bottom-large:20px;--awb-spacing-left-large:3.84%;--awb-width-medium:50%;--awb-order-medium:0;--awb-spacing-right-medium:3.84%;--awb-spacing-left-medium:3.84%;--awb-width-small:100%;--awb-order-small:0;--awb-spacing-right-small:1.92%;--awb-spacing-left-small:1.92%;\"><div class=\"fusion-column-wrapper fusion-column-has-shadow fusion-flex-justify-content-flex-start fusion-content-layout-column\"><div class=\"fusion-slider-sc\"><div class=\"fusion-flexslider-loading flexslider flexslider-hover-type-none\" data-slideshow_autoplay=\"1\" data-slideshow_smooth_height=\"0\" data-slideshow_speed=\"7000\" style=\"max-width:100%;height:100%;\"><ul class=\"slides\"><li class=\"image\"><span class=\"fusion-image-hover-element hover-type-none\"><img decoding=\"async\" src=\"https:\/\/deutsche-gemeinschaft.eu\/wp-content\/uploads\/2022\/11\/20221105_105409-scaled.jpg\" alt=\"zeitzeugen\" width=\"2560\" height=\"1440\" class=\"wp-image-32088\" srcset=\"https:\/\/deutsche-gemeinschaft.eu\/wp-content\/uploads\/2022\/11\/20221105_105409-200x113.jpg 200w, https:\/\/deutsche-gemeinschaft.eu\/wp-content\/uploads\/2022\/11\/20221105_105409-400x225.jpg 400w, https:\/\/deutsche-gemeinschaft.eu\/wp-content\/uploads\/2022\/11\/20221105_105409-600x338.jpg 600w, https:\/\/deutsche-gemeinschaft.eu\/wp-content\/uploads\/2022\/11\/20221105_105409-800x450.jpg 800w, https:\/\/deutsche-gemeinschaft.eu\/wp-content\/uploads\/2022\/11\/20221105_105409-1200x675.jpg 1200w, https:\/\/deutsche-gemeinschaft.eu\/wp-content\/uploads\/2022\/11\/20221105_105409-scaled.jpg 2560w\" sizes=\"(max-width: 640px) 100vw, 800px\" \/><\/span><\/li><li class=\"image\"><span class=\"fusion-image-hover-element hover-type-none\"><img decoding=\"async\" src=\"https:\/\/deutsche-gemeinschaft.eu\/wp-content\/uploads\/2022\/11\/20221105_104529-scaled.jpg\" alt=\"zeitzeugen\" width=\"2560\" height=\"1440\" class=\"wp-image-32082\" srcset=\"https:\/\/deutsche-gemeinschaft.eu\/wp-content\/uploads\/2022\/11\/20221105_104529-200x113.jpg 200w, https:\/\/deutsche-gemeinschaft.eu\/wp-content\/uploads\/2022\/11\/20221105_104529-400x225.jpg 400w, https:\/\/deutsche-gemeinschaft.eu\/wp-content\/uploads\/2022\/11\/20221105_104529-600x338.jpg 600w, https:\/\/deutsche-gemeinschaft.eu\/wp-content\/uploads\/2022\/11\/20221105_104529-800x450.jpg 800w, https:\/\/deutsche-gemeinschaft.eu\/wp-content\/uploads\/2022\/11\/20221105_104529-1200x675.jpg 1200w, https:\/\/deutsche-gemeinschaft.eu\/wp-content\/uploads\/2022\/11\/20221105_104529-scaled.jpg 2560w\" sizes=\"(max-width: 640px) 100vw, 800px\" \/><\/span><\/li><li class=\"image\"><span class=\"fusion-image-hover-element hover-type-none\"><img decoding=\"async\" src=\"https:\/\/deutsche-gemeinschaft.eu\/wp-content\/uploads\/2022\/11\/20221105_104358-scaled.jpg\" alt=\"zeitzeugen\" width=\"2560\" height=\"1440\" class=\"wp-image-32086\" srcset=\"https:\/\/deutsche-gemeinschaft.eu\/wp-content\/uploads\/2022\/11\/20221105_104358-200x113.jpg 200w, https:\/\/deutsche-gemeinschaft.eu\/wp-content\/uploads\/2022\/11\/20221105_104358-400x225.jpg 400w, https:\/\/deutsche-gemeinschaft.eu\/wp-content\/uploads\/2022\/11\/20221105_104358-600x338.jpg 600w, https:\/\/deutsche-gemeinschaft.eu\/wp-content\/uploads\/2022\/11\/20221105_104358-800x450.jpg 800w, https:\/\/deutsche-gemeinschaft.eu\/wp-content\/uploads\/2022\/11\/20221105_104358-1200x675.jpg 1200w, https:\/\/deutsche-gemeinschaft.eu\/wp-content\/uploads\/2022\/11\/20221105_104358-scaled.jpg 2560w\" sizes=\"(max-width: 640px) 100vw, 800px\" \/><\/span><\/li><li class=\"image\"><span class=\"fusion-image-hover-element hover-type-none\"><img decoding=\"async\" src=\"https:\/\/deutsche-gemeinschaft.eu\/wp-content\/uploads\/2022\/11\/20221105_105541-scaled.jpg\" alt=\"zeitzeugen\" width=\"2560\" height=\"1440\" class=\"wp-image-32084\" srcset=\"https:\/\/deutsche-gemeinschaft.eu\/wp-content\/uploads\/2022\/11\/20221105_105541-200x113.jpg 200w, https:\/\/deutsche-gemeinschaft.eu\/wp-content\/uploads\/2022\/11\/20221105_105541-400x225.jpg 400w, https:\/\/deutsche-gemeinschaft.eu\/wp-content\/uploads\/2022\/11\/20221105_105541-600x338.jpg 600w, https:\/\/deutsche-gemeinschaft.eu\/wp-content\/uploads\/2022\/11\/20221105_105541-800x450.jpg 800w, https:\/\/deutsche-gemeinschaft.eu\/wp-content\/uploads\/2022\/11\/20221105_105541-1200x675.jpg 1200w, https:\/\/deutsche-gemeinschaft.eu\/wp-content\/uploads\/2022\/11\/20221105_105541-scaled.jpg 2560w\" sizes=\"(max-width: 640px) 100vw, 800px\" \/><\/span><\/li><li class=\"image\"><span class=\"fusion-image-hover-element hover-type-none\"><img decoding=\"async\" src=\"https:\/\/deutsche-gemeinschaft.eu\/wp-content\/uploads\/2022\/11\/20221105_101004-scaled.jpg\" alt=\"zeitzeugen\" width=\"2560\" height=\"1440\" class=\"wp-image-32080\" srcset=\"https:\/\/deutsche-gemeinschaft.eu\/wp-content\/uploads\/2022\/11\/20221105_101004-200x113.jpg 200w, https:\/\/deutsche-gemeinschaft.eu\/wp-content\/uploads\/2022\/11\/20221105_101004-400x225.jpg 400w, https:\/\/deutsche-gemeinschaft.eu\/wp-content\/uploads\/2022\/11\/20221105_101004-600x338.jpg 600w, https:\/\/deutsche-gemeinschaft.eu\/wp-content\/uploads\/2022\/11\/20221105_101004-800x450.jpg 800w, https:\/\/deutsche-gemeinschaft.eu\/wp-content\/uploads\/2022\/11\/20221105_101004-1200x675.jpg 1200w, https:\/\/deutsche-gemeinschaft.eu\/wp-content\/uploads\/2022\/11\/20221105_101004-scaled.jpg 2560w\" sizes=\"(max-width: 640px) 100vw, 800px\" \/><\/span><\/li><\/ul><\/div><\/div><\/div><\/div><div class=\"fusion-layout-column fusion_builder_column fusion-builder-column-1 fusion_builder_column_1_2 1_2 fusion-flex-column\" style=\"--awb-bg-size:cover;--awb-width-large:50%;--awb-margin-top-large:0px;--awb-spacing-right-large:3.84%;--awb-margin-bottom-large:20px;--awb-spacing-left-large:3.84%;--awb-width-medium:50%;--awb-order-medium:0;--awb-spacing-right-medium:3.84%;--awb-spacing-left-medium:3.84%;--awb-width-small:100%;--awb-order-small:0;--awb-spacing-right-small:1.92%;--awb-spacing-left-small:1.92%;\"><div class=\"fusion-column-wrapper fusion-column-has-shadow fusion-flex-justify-content-flex-start fusion-content-layout-column\"><div class=\"fusion-text fusion-text-1\"><p style=\"text-align: center;\">Der neunte Workshop im Rahmen der Samstagsschule mit dem Titel Zeitzeugen fand am Samstag, den 5. November, in den R\u00e4umlichkeiten der Deutschen Gemeinschaft statt. Die Teilnehmer hatten die M\u00f6glichkeit, Videoarbeiten anzusehen, die im Rahmen des Videoprojekts \u201eZeitzeugen\u201c entstanden sind, um mehr \u00fcber die Geschichte und das Leben der Eseker und Deutschen in Osijek und der Umgebung zu erfahren. Sie hatten auch Gelegenheit, mit Frau Elisabeth Klein, die selbst am Projekt beteiligt war, ins Gespr\u00e4ch zu kommen und Fragen zu stellen, die sie interessierten. Sie konnten sich ein altes Kochbuch mit traditionellen schw\u00e4bischen Rezepten und alten Fotos ansehen.<\/p>\n<\/div><\/div><\/div><\/div><\/div>\n","protected":false},"excerpt":{"rendered":"","protected":false},"author":2,"featured_media":32091,"comment_status":"closed","ping_status":"closed","sticky":false,"template":"","format":"standard","meta":{"footnotes":""},"categories":[12],"tags":[],"class_list":["post-32397","post","type-post","status-publish","format-standard","has-post-thumbnail","hentry","category-nachrichten"],"yoast_head":"<!-- This site is optimized with the Yoast SEO plugin v26.9 - https:\/\/yoast.com\/product\/yoast-seo-wordpress\/ -->\n<title>Werkstatt &quot;Zeitzeugen&quot; - Deutsche Gemeinschaft<\/title>\n<meta name=\"robots\" content=\"index, follow, max-snippet:-1, max-image-preview:large, max-video-preview:-1\" \/>\n<link rel=\"canonical\" href=\"https:\/\/deutsche-gemeinschaft.eu\/radionica-svjedoci-vremena\/\" \/>\n<meta property=\"og:locale\" content=\"de_DE\" \/>\n<meta property=\"og:type\" content=\"article\" \/>\n<meta property=\"og:title\" content=\"Werkstatt &quot;Zeitzeugen&quot; - Deutsche Gemeinschaft\" \/>\n<meta property=\"og:url\" content=\"https:\/\/deutsche-gemeinschaft.eu\/radionica-svjedoci-vremena\/\" \/>\n<meta property=\"og:site_name\" content=\"Deutsche Gemeinschaft\" \/>\n<meta property=\"article:publisher\" content=\"https:\/\/www.facebook.com\/Deutsche-Gemeinschaft-Njema%c4%8dka-zajednica-Osijek-164509470230884\/?fref=photo\" \/>\n<meta property=\"article:published_time\" content=\"2023-01-05T11:50:15+00:00\" \/>\n<meta property=\"og:image\" content=\"https:\/\/deutsche-gemeinschaft.eu\/wp-content\/uploads\/2022\/11\/20221105_111331-scaled.jpg\" \/>\n\t<meta property=\"og:image:width\" content=\"2560\" \/>\n\t<meta property=\"og:image:height\" content=\"1440\" \/>\n\t<meta property=\"og:image:type\" content=\"image\/jpeg\" \/>\n<meta name=\"author\" content=\"Adrian Ravli\u0107\" \/>\n<meta name=\"twitter:card\" content=\"summary_large_image\" \/>\n<meta name=\"twitter:label1\" content=\"Verfasst von\" \/>\n\t<meta name=\"twitter:data1\" content=\"Adrian Ravli\u0107\" \/>\n\t<meta name=\"twitter:label2\" content=\"Gesch\u00e4tzte Lesezeit\" \/>\n\t<meta name=\"twitter:data2\" content=\"5\u00a0Minuten\" \/>\n<script type=\"application\/ld+json\" class=\"yoast-schema-graph\">{\"@context\":\"https:\/\/schema.org\",\"@graph\":[{\"@type\":\"Article\",\"@id\":\"https:\/\/deutsche-gemeinschaft.eu\/radionica-svjedoci-vremena\/#article\",\"isPartOf\":{\"@id\":\"https:\/\/deutsche-gemeinschaft.eu\/radionica-svjedoci-vremena\/\"},\"author\":{\"name\":\"Adrian Ravli\u0107\",\"@id\":\"https:\/\/deutsche-gemeinschaft.eu\/#\/schema\/person\/a156c21cc3a1235c7d038366f3f51108\"},\"headline\":\"Werkstatt &#8222;Zeitzeugen&#8220;\",\"datePublished\":\"2023-01-05T11:50:15+00:00\",\"mainEntityOfPage\":{\"@id\":\"https:\/\/deutsche-gemeinschaft.eu\/radionica-svjedoci-vremena\/\"},\"wordCount\":1067,\"publisher\":{\"@id\":\"https:\/\/deutsche-gemeinschaft.eu\/#organization\"},\"image\":{\"@id\":\"https:\/\/deutsche-gemeinschaft.eu\/radionica-svjedoci-vremena\/#primaryimage\"},\"thumbnailUrl\":\"https:\/\/deutsche-gemeinschaft.eu\/wp-content\/uploads\/2022\/11\/20221105_111331-scaled.jpg\",\"articleSection\":[\"Nachrichten\"],\"inLanguage\":\"de\"},{\"@type\":\"WebPage\",\"@id\":\"https:\/\/deutsche-gemeinschaft.eu\/radionica-svjedoci-vremena\/\",\"url\":\"https:\/\/deutsche-gemeinschaft.eu\/radionica-svjedoci-vremena\/\",\"name\":\"Werkstatt \\\"Zeitzeugen\\\" - Deutsche Gemeinschaft\",\"isPartOf\":{\"@id\":\"https:\/\/deutsche-gemeinschaft.eu\/#website\"},\"primaryImageOfPage\":{\"@id\":\"https:\/\/deutsche-gemeinschaft.eu\/radionica-svjedoci-vremena\/#primaryimage\"},\"image\":{\"@id\":\"https:\/\/deutsche-gemeinschaft.eu\/radionica-svjedoci-vremena\/#primaryimage\"},\"thumbnailUrl\":\"https:\/\/deutsche-gemeinschaft.eu\/wp-content\/uploads\/2022\/11\/20221105_111331-scaled.jpg\",\"datePublished\":\"2023-01-05T11:50:15+00:00\",\"breadcrumb\":{\"@id\":\"https:\/\/deutsche-gemeinschaft.eu\/radionica-svjedoci-vremena\/#breadcrumb\"},\"inLanguage\":\"de\",\"potentialAction\":[{\"@type\":\"ReadAction\",\"target\":[\"https:\/\/deutsche-gemeinschaft.eu\/radionica-svjedoci-vremena\/\"]}]},{\"@type\":\"ImageObject\",\"inLanguage\":\"de\",\"@id\":\"https:\/\/deutsche-gemeinschaft.eu\/radionica-svjedoci-vremena\/#primaryimage\",\"url\":\"https:\/\/deutsche-gemeinschaft.eu\/wp-content\/uploads\/2022\/11\/20221105_111331-scaled.jpg\",\"contentUrl\":\"https:\/\/deutsche-gemeinschaft.eu\/wp-content\/uploads\/2022\/11\/20221105_111331-scaled.jpg\",\"width\":2560,\"height\":1440,\"caption\":\"zeitzeugen\"},{\"@type\":\"BreadcrumbList\",\"@id\":\"https:\/\/deutsche-gemeinschaft.eu\/radionica-svjedoci-vremena\/#breadcrumb\",\"itemListElement\":[{\"@type\":\"ListItem\",\"position\":1,\"name\":\"Po\u010detna stranica\",\"item\":\"https:\/\/deutsche-gemeinschaft.eu\/de\/\"},{\"@type\":\"ListItem\",\"position\":2,\"name\":\"Werkstatt &#8220;Zeitzeugen&#8221;\"}]},{\"@type\":\"WebSite\",\"@id\":\"https:\/\/deutsche-gemeinschaft.eu\/#website\",\"url\":\"https:\/\/deutsche-gemeinschaft.eu\/\",\"name\":\"Deutsche Gemeinschaft\",\"description\":\"\",\"publisher\":{\"@id\":\"https:\/\/deutsche-gemeinschaft.eu\/#organization\"},\"potentialAction\":[{\"@type\":\"SearchAction\",\"target\":{\"@type\":\"EntryPoint\",\"urlTemplate\":\"https:\/\/deutsche-gemeinschaft.eu\/?s={search_term_string}\"},\"query-input\":{\"@type\":\"PropertyValueSpecification\",\"valueRequired\":true,\"valueName\":\"search_term_string\"}}],\"inLanguage\":\"de\"},{\"@type\":\"Organization\",\"@id\":\"https:\/\/deutsche-gemeinschaft.eu\/#organization\",\"name\":\"ZEMALJSKA UDRUGA PODUNAVSKIH \u0160VABA U HRVATSKOJ OSIJEK\",\"url\":\"https:\/\/deutsche-gemeinschaft.eu\/\",\"logo\":{\"@type\":\"ImageObject\",\"inLanguage\":\"de\",\"@id\":\"https:\/\/deutsche-gemeinschaft.eu\/#\/schema\/logo\/image\/\",\"url\":\"https:\/\/deutsche-gemeinschaft.eu\/wp-content\/uploads\/2020\/11\/vdg_favicon_apple_retina167.png\",\"contentUrl\":\"https:\/\/deutsche-gemeinschaft.eu\/wp-content\/uploads\/2020\/11\/vdg_favicon_apple_retina167.png\",\"width\":126,\"height\":167,\"caption\":\"ZEMALJSKA UDRUGA PODUNAVSKIH \u0160VABA U HRVATSKOJ OSIJEK\"},\"image\":{\"@id\":\"https:\/\/deutsche-gemeinschaft.eu\/#\/schema\/logo\/image\/\"},\"sameAs\":[\"https:\/\/www.facebook.com\/Deutsche-Gemeinschaft-Njema\u010dka-zajednica-Osijek-164509470230884\/?fref=photo\",\"https:\/\/www.instagram.com\/deutsche.gemeinschaft\/\",\"https:\/\/www.youtube.com\/channel\/UCI61Vso5HdZDM4dUETTFYyA\"]},{\"@type\":\"Person\",\"@id\":\"https:\/\/deutsche-gemeinschaft.eu\/#\/schema\/person\/a156c21cc3a1235c7d038366f3f51108\",\"name\":\"Adrian Ravli\u0107\",\"image\":{\"@type\":\"ImageObject\",\"inLanguage\":\"de\",\"@id\":\"https:\/\/deutsche-gemeinschaft.eu\/#\/schema\/person\/image\/\",\"url\":\"https:\/\/secure.gravatar.com\/avatar\/edc859417cb5ebe16668c71b31d42cadac9ba93584c521425abdc47f4d9998ba?s=96&d=mm&r=g\",\"contentUrl\":\"https:\/\/secure.gravatar.com\/avatar\/edc859417cb5ebe16668c71b31d42cadac9ba93584c521425abdc47f4d9998ba?s=96&d=mm&r=g\",\"caption\":\"Adrian Ravli\u0107\"},\"url\":\"https:\/\/deutsche-gemeinschaft.eu\/de\/author\/adrian\/\"}]}<\/script>\n<!-- \/ Yoast SEO plugin. -->","yoast_head_json":{"title":"Werkstatt \"Zeitzeugen\" - Deutsche Gemeinschaft","robots":{"index":"index","follow":"follow","max-snippet":"max-snippet:-1","max-image-preview":"max-image-preview:large","max-video-preview":"max-video-preview:-1"},"canonical":"https:\/\/deutsche-gemeinschaft.eu\/radionica-svjedoci-vremena\/","og_locale":"de_DE","og_type":"article","og_title":"Werkstatt \"Zeitzeugen\" - Deutsche Gemeinschaft","og_url":"https:\/\/deutsche-gemeinschaft.eu\/radionica-svjedoci-vremena\/","og_site_name":"Deutsche Gemeinschaft","article_publisher":"https:\/\/www.facebook.com\/Deutsche-Gemeinschaft-Njema%c4%8dka-zajednica-Osijek-164509470230884\/?fref=photo","article_published_time":"2023-01-05T11:50:15+00:00","og_image":[{"width":2560,"height":1440,"url":"https:\/\/deutsche-gemeinschaft.eu\/wp-content\/uploads\/2022\/11\/20221105_111331-scaled.jpg","type":"image\/jpeg"}],"author":"Adrian Ravli\u0107","twitter_card":"summary_large_image","twitter_misc":{"Verfasst von":"Adrian Ravli\u0107","Gesch\u00e4tzte Lesezeit":"5\u00a0Minuten"},"schema":{"@context":"https:\/\/schema.org","@graph":[{"@type":"Article","@id":"https:\/\/deutsche-gemeinschaft.eu\/radionica-svjedoci-vremena\/#article","isPartOf":{"@id":"https:\/\/deutsche-gemeinschaft.eu\/radionica-svjedoci-vremena\/"},"author":{"name":"Adrian Ravli\u0107","@id":"https:\/\/deutsche-gemeinschaft.eu\/#\/schema\/person\/a156c21cc3a1235c7d038366f3f51108"},"headline":"Werkstatt &#8222;Zeitzeugen&#8220;","datePublished":"2023-01-05T11:50:15+00:00","mainEntityOfPage":{"@id":"https:\/\/deutsche-gemeinschaft.eu\/radionica-svjedoci-vremena\/"},"wordCount":1067,"publisher":{"@id":"https:\/\/deutsche-gemeinschaft.eu\/#organization"},"image":{"@id":"https:\/\/deutsche-gemeinschaft.eu\/radionica-svjedoci-vremena\/#primaryimage"},"thumbnailUrl":"https:\/\/deutsche-gemeinschaft.eu\/wp-content\/uploads\/2022\/11\/20221105_111331-scaled.jpg","articleSection":["Nachrichten"],"inLanguage":"de"},{"@type":"WebPage","@id":"https:\/\/deutsche-gemeinschaft.eu\/radionica-svjedoci-vremena\/","url":"https:\/\/deutsche-gemeinschaft.eu\/radionica-svjedoci-vremena\/","name":"Werkstatt \"Zeitzeugen\" - Deutsche Gemeinschaft","isPartOf":{"@id":"https:\/\/deutsche-gemeinschaft.eu\/#website"},"primaryImageOfPage":{"@id":"https:\/\/deutsche-gemeinschaft.eu\/radionica-svjedoci-vremena\/#primaryimage"},"image":{"@id":"https:\/\/deutsche-gemeinschaft.eu\/radionica-svjedoci-vremena\/#primaryimage"},"thumbnailUrl":"https:\/\/deutsche-gemeinschaft.eu\/wp-content\/uploads\/2022\/11\/20221105_111331-scaled.jpg","datePublished":"2023-01-05T11:50:15+00:00","breadcrumb":{"@id":"https:\/\/deutsche-gemeinschaft.eu\/radionica-svjedoci-vremena\/#breadcrumb"},"inLanguage":"de","potentialAction":[{"@type":"ReadAction","target":["https:\/\/deutsche-gemeinschaft.eu\/radionica-svjedoci-vremena\/"]}]},{"@type":"ImageObject","inLanguage":"de","@id":"https:\/\/deutsche-gemeinschaft.eu\/radionica-svjedoci-vremena\/#primaryimage","url":"https:\/\/deutsche-gemeinschaft.eu\/wp-content\/uploads\/2022\/11\/20221105_111331-scaled.jpg","contentUrl":"https:\/\/deutsche-gemeinschaft.eu\/wp-content\/uploads\/2022\/11\/20221105_111331-scaled.jpg","width":2560,"height":1440,"caption":"zeitzeugen"},{"@type":"BreadcrumbList","@id":"https:\/\/deutsche-gemeinschaft.eu\/radionica-svjedoci-vremena\/#breadcrumb","itemListElement":[{"@type":"ListItem","position":1,"name":"Po\u010detna stranica","item":"https:\/\/deutsche-gemeinschaft.eu\/de\/"},{"@type":"ListItem","position":2,"name":"Werkstatt &#8220;Zeitzeugen&#8221;"}]},{"@type":"WebSite","@id":"https:\/\/deutsche-gemeinschaft.eu\/#website","url":"https:\/\/deutsche-gemeinschaft.eu\/","name":"Deutsche Gemeinschaft","description":"","publisher":{"@id":"https:\/\/deutsche-gemeinschaft.eu\/#organization"},"potentialAction":[{"@type":"SearchAction","target":{"@type":"EntryPoint","urlTemplate":"https:\/\/deutsche-gemeinschaft.eu\/?s={search_term_string}"},"query-input":{"@type":"PropertyValueSpecification","valueRequired":true,"valueName":"search_term_string"}}],"inLanguage":"de"},{"@type":"Organization","@id":"https:\/\/deutsche-gemeinschaft.eu\/#organization","name":"ZEMALJSKA UDRUGA PODUNAVSKIH \u0160VABA U HRVATSKOJ OSIJEK","url":"https:\/\/deutsche-gemeinschaft.eu\/","logo":{"@type":"ImageObject","inLanguage":"de","@id":"https:\/\/deutsche-gemeinschaft.eu\/#\/schema\/logo\/image\/","url":"https:\/\/deutsche-gemeinschaft.eu\/wp-content\/uploads\/2020\/11\/vdg_favicon_apple_retina167.png","contentUrl":"https:\/\/deutsche-gemeinschaft.eu\/wp-content\/uploads\/2020\/11\/vdg_favicon_apple_retina167.png","width":126,"height":167,"caption":"ZEMALJSKA UDRUGA PODUNAVSKIH \u0160VABA U HRVATSKOJ OSIJEK"},"image":{"@id":"https:\/\/deutsche-gemeinschaft.eu\/#\/schema\/logo\/image\/"},"sameAs":["https:\/\/www.facebook.com\/Deutsche-Gemeinschaft-Njema\u010dka-zajednica-Osijek-164509470230884\/?fref=photo","https:\/\/www.instagram.com\/deutsche.gemeinschaft\/","https:\/\/www.youtube.com\/channel\/UCI61Vso5HdZDM4dUETTFYyA"]},{"@type":"Person","@id":"https:\/\/deutsche-gemeinschaft.eu\/#\/schema\/person\/a156c21cc3a1235c7d038366f3f51108","name":"Adrian Ravli\u0107","image":{"@type":"ImageObject","inLanguage":"de","@id":"https:\/\/deutsche-gemeinschaft.eu\/#\/schema\/person\/image\/","url":"https:\/\/secure.gravatar.com\/avatar\/edc859417cb5ebe16668c71b31d42cadac9ba93584c521425abdc47f4d9998ba?s=96&d=mm&r=g","contentUrl":"https:\/\/secure.gravatar.com\/avatar\/edc859417cb5ebe16668c71b31d42cadac9ba93584c521425abdc47f4d9998ba?s=96&d=mm&r=g","caption":"Adrian Ravli\u0107"},"url":"https:\/\/deutsche-gemeinschaft.eu\/de\/author\/adrian\/"}]}},"_links":{"self":[{"href":"https:\/\/deutsche-gemeinschaft.eu\/de\/wp-json\/wp\/v2\/posts\/32397","targetHints":{"allow":["GET"]}}],"collection":[{"href":"https:\/\/deutsche-gemeinschaft.eu\/de\/wp-json\/wp\/v2\/posts"}],"about":[{"href":"https:\/\/deutsche-gemeinschaft.eu\/de\/wp-json\/wp\/v2\/types\/post"}],"author":[{"embeddable":true,"href":"https:\/\/deutsche-gemeinschaft.eu\/de\/wp-json\/wp\/v2\/users\/2"}],"replies":[{"embeddable":true,"href":"https:\/\/deutsche-gemeinschaft.eu\/de\/wp-json\/wp\/v2\/comments?post=32397"}],"version-history":[{"count":2,"href":"https:\/\/deutsche-gemeinschaft.eu\/de\/wp-json\/wp\/v2\/posts\/32397\/revisions"}],"predecessor-version":[{"id":32399,"href":"https:\/\/deutsche-gemeinschaft.eu\/de\/wp-json\/wp\/v2\/posts\/32397\/revisions\/32399"}],"wp:featuredmedia":[{"embeddable":true,"href":"https:\/\/deutsche-gemeinschaft.eu\/de\/wp-json\/wp\/v2\/media\/32091"}],"wp:attachment":[{"href":"https:\/\/deutsche-gemeinschaft.eu\/de\/wp-json\/wp\/v2\/media?parent=32397"}],"wp:term":[{"taxonomy":"category","embeddable":true,"href":"https:\/\/deutsche-gemeinschaft.eu\/de\/wp-json\/wp\/v2\/categories?post=32397"},{"taxonomy":"post_tag","embeddable":true,"href":"https:\/\/deutsche-gemeinschaft.eu\/de\/wp-json\/wp\/v2\/tags?post=32397"}],"curies":[{"name":"wp","href":"https:\/\/api.w.org\/{rel}","templated":true}]}}