{"id":32075,"date":"2023-01-05T12:48:22","date_gmt":"2023-01-05T11:48:22","guid":{"rendered":"https:\/\/deutsche-gemeinschaft.eu\/?p=32075"},"modified":"2023-01-05T12:50:36","modified_gmt":"2023-01-05T11:50:36","slug":"powered-by-reuchlin-2","status":"publish","type":"post","link":"https:\/\/deutsche-gemeinschaft.eu\/de\/powered-by-reuchlin-2\/","title":{"rendered":"Powered by Reuchlin"},"content":{"rendered":"<div class=\"fusion-fullwidth fullwidth-box fusion-builder-row-1 fusion-flex-container nonhundred-percent-fullwidth non-hundred-percent-height-scrolling\" style=\"--awb-border-radius-top-left:0px;--awb-border-radius-top-right:0px;--awb-border-radius-bottom-right:0px;--awb-border-radius-bottom-left:0px;--awb-flex-wrap:wrap;\" ><div class=\"fusion-builder-row fusion-row fusion-flex-align-items-flex-start fusion-flex-content-wrap\" style=\"max-width:1414.4px;margin-left: calc(-4% \/ 2 );margin-right: calc(-4% \/ 2 );\"><div class=\"fusion-layout-column fusion_builder_column fusion-builder-column-0 fusion_builder_column_1_2 1_2 fusion-flex-column\" style=\"--awb-bg-size:cover;--awb-width-large:50%;--awb-margin-top-large:0px;--awb-spacing-right-large:3.84%;--awb-margin-bottom-large:20px;--awb-spacing-left-large:3.84%;--awb-width-medium:50%;--awb-order-medium:0;--awb-spacing-right-medium:3.84%;--awb-spacing-left-medium:3.84%;--awb-width-small:100%;--awb-order-small:0;--awb-spacing-right-small:1.92%;--awb-spacing-left-small:1.92%;\"><div class=\"fusion-column-wrapper fusion-column-has-shadow fusion-flex-justify-content-flex-start fusion-content-layout-column\"><div class=\"fusion-text fusion-text-1\"><p style=\"text-align: center;\">Am Samstag, 5. November 2022, fand im Rahmen des europ\u00e4ischen Projekts <em>Powered by Reuchlin<\/em> ein gro\u00dfer Workshop statt. Bei guter Zusammenarbeit mit Studierenden des II. Gymnasiums und anderen Teilnehmern, die auch an fr\u00fcheren Aktivit\u00e4ten teilgenommen haben, wurde das Projekt erfolgreich abgeschlossen. Als erste Aktivit\u00e4t sahen sich die Teilnehmer Erkl\u00e4revideos aus dem kleinen Projekt an, das von einigen der Teilnehmer erstellt wurde. W\u00e4hrend es f\u00fcr sie nur eine Erinnerung war, lernten die neuen Teilnehmer mithilfe des Videos etwas Neues \u00fcber das Leben von Reuchlin und den Humanismus in Europa und Kroatien und verbanden den Einfluss der deutschen Minderheit (J.J. Storssmayer) auf die Stadt Osijek.<br \/>\nAnschlie\u00dfend konnten die Jugendlichen ihr Wissen in einem Quiz unter Beweis stellen.<br \/>\nIn der letzten Aktivit\u00e4t des Treffens haben die Sch\u00fcler ihr eigenes Drehbuch zum Thema Reuchlins Leben und Humanismus in Europa und Kroatien erstellt und anschlie\u00dfend zwei kurze Videos aufgenommen.<\/p>\n<p>Video Gruppe 1 <a href=\"https:\/\/www.youtube.com\/watch?v=niRc4oxwTp8\">https:\/\/www.youtube.com\/watch?v=niRc4oxwTp8<\/a><\/p>\n<p>Video Gruppe 2 <a href=\"https:\/\/www.youtube.com\/watch?v=vWwYeSTSddY\">https:\/\/www.youtube.com\/watch?v=vWwYeSTSddY<\/a><\/p>\n<\/div><\/div><\/div><div class=\"fusion-layout-column fusion_builder_column fusion-builder-column-1 fusion_builder_column_1_2 1_2 fusion-flex-column\" style=\"--awb-bg-size:cover;--awb-width-large:50%;--awb-margin-top-large:0px;--awb-spacing-right-large:3.84%;--awb-margin-bottom-large:20px;--awb-spacing-left-large:3.84%;--awb-width-medium:50%;--awb-order-medium:0;--awb-spacing-right-medium:3.84%;--awb-spacing-left-medium:3.84%;--awb-width-small:100%;--awb-order-small:0;--awb-spacing-right-small:1.92%;--awb-spacing-left-small:1.92%;\"><div class=\"fusion-column-wrapper fusion-column-has-shadow fusion-flex-justify-content-flex-start fusion-content-layout-column\"><div class=\"fusion-slider-sc\"><div class=\"fusion-flexslider-loading flexslider flexslider-hover-type-none\" data-slideshow_autoplay=\"1\" data-slideshow_smooth_height=\"0\" data-slideshow_speed=\"7000\" style=\"max-width:100%;height:100%;\"><ul class=\"slides\"><li class=\"image\"><span class=\"fusion-image-hover-element hover-type-none\"><img decoding=\"async\" src=\"https:\/\/deutsche-gemeinschaft.eu\/wp-content\/uploads\/2022\/11\/IMG_20221105_100551-scaled.jpg\" alt=\"powered by reuchlin\" width=\"2560\" height=\"1920\" class=\"wp-image-32068\" srcset=\"https:\/\/deutsche-gemeinschaft.eu\/wp-content\/uploads\/2022\/11\/IMG_20221105_100551-200x150.jpg 200w, https:\/\/deutsche-gemeinschaft.eu\/wp-content\/uploads\/2022\/11\/IMG_20221105_100551-400x300.jpg 400w, https:\/\/deutsche-gemeinschaft.eu\/wp-content\/uploads\/2022\/11\/IMG_20221105_100551-600x450.jpg 600w, https:\/\/deutsche-gemeinschaft.eu\/wp-content\/uploads\/2022\/11\/IMG_20221105_100551-800x600.jpg 800w, https:\/\/deutsche-gemeinschaft.eu\/wp-content\/uploads\/2022\/11\/IMG_20221105_100551-1200x900.jpg 1200w, https:\/\/deutsche-gemeinschaft.eu\/wp-content\/uploads\/2022\/11\/IMG_20221105_100551-scaled.jpg 2560w\" sizes=\"(max-width: 640px) 100vw, 800px\" \/><\/span><\/li><li class=\"image\"><span class=\"fusion-image-hover-element hover-type-none\"><img decoding=\"async\" src=\"https:\/\/deutsche-gemeinschaft.eu\/wp-content\/uploads\/2022\/11\/20221105_111401-scaled.jpg\" alt=\"powered by reuchlin\" width=\"2560\" height=\"1440\" class=\"wp-image-32066\" srcset=\"https:\/\/deutsche-gemeinschaft.eu\/wp-content\/uploads\/2022\/11\/20221105_111401-200x113.jpg 200w, https:\/\/deutsche-gemeinschaft.eu\/wp-content\/uploads\/2022\/11\/20221105_111401-400x225.jpg 400w, https:\/\/deutsche-gemeinschaft.eu\/wp-content\/uploads\/2022\/11\/20221105_111401-600x338.jpg 600w, https:\/\/deutsche-gemeinschaft.eu\/wp-content\/uploads\/2022\/11\/20221105_111401-800x450.jpg 800w, https:\/\/deutsche-gemeinschaft.eu\/wp-content\/uploads\/2022\/11\/20221105_111401-1200x675.jpg 1200w, https:\/\/deutsche-gemeinschaft.eu\/wp-content\/uploads\/2022\/11\/20221105_111401-scaled.jpg 2560w\" sizes=\"(max-width: 640px) 100vw, 800px\" \/><\/span><\/li><li class=\"image\"><span class=\"fusion-image-hover-element hover-type-none\"><img decoding=\"async\" src=\"https:\/\/deutsche-gemeinschaft.eu\/wp-content\/uploads\/2022\/11\/20221105_103943-1-scaled.jpg\" alt=\"powered by reuchlin\" width=\"2560\" height=\"1440\" class=\"wp-image-32062\" srcset=\"https:\/\/deutsche-gemeinschaft.eu\/wp-content\/uploads\/2022\/11\/20221105_103943-1-200x113.jpg 200w, https:\/\/deutsche-gemeinschaft.eu\/wp-content\/uploads\/2022\/11\/20221105_103943-1-400x225.jpg 400w, https:\/\/deutsche-gemeinschaft.eu\/wp-content\/uploads\/2022\/11\/20221105_103943-1-600x338.jpg 600w, https:\/\/deutsche-gemeinschaft.eu\/wp-content\/uploads\/2022\/11\/20221105_103943-1-800x450.jpg 800w, https:\/\/deutsche-gemeinschaft.eu\/wp-content\/uploads\/2022\/11\/20221105_103943-1-1200x675.jpg 1200w, https:\/\/deutsche-gemeinschaft.eu\/wp-content\/uploads\/2022\/11\/20221105_103943-1-scaled.jpg 2560w\" sizes=\"(max-width: 640px) 100vw, 800px\" \/><\/span><\/li><li class=\"image\"><span class=\"fusion-image-hover-element hover-type-none\"><img decoding=\"async\" src=\"https:\/\/deutsche-gemeinschaft.eu\/wp-content\/uploads\/2022\/11\/20221105_103446-1-scaled.jpg\" alt=\"powered by reuchlin\" width=\"2560\" height=\"1440\" class=\"wp-image-32060\" srcset=\"https:\/\/deutsche-gemeinschaft.eu\/wp-content\/uploads\/2022\/11\/20221105_103446-1-200x113.jpg 200w, https:\/\/deutsche-gemeinschaft.eu\/wp-content\/uploads\/2022\/11\/20221105_103446-1-400x225.jpg 400w, https:\/\/deutsche-gemeinschaft.eu\/wp-content\/uploads\/2022\/11\/20221105_103446-1-600x338.jpg 600w, https:\/\/deutsche-gemeinschaft.eu\/wp-content\/uploads\/2022\/11\/20221105_103446-1-800x450.jpg 800w, https:\/\/deutsche-gemeinschaft.eu\/wp-content\/uploads\/2022\/11\/20221105_103446-1-1200x675.jpg 1200w, https:\/\/deutsche-gemeinschaft.eu\/wp-content\/uploads\/2022\/11\/20221105_103446-1-scaled.jpg 2560w\" sizes=\"(max-width: 640px) 100vw, 800px\" \/><\/span><\/li><\/ul><\/div><\/div><\/div><\/div><\/div><\/div>\n","protected":false},"excerpt":{"rendered":"","protected":false},"author":2,"featured_media":32065,"comment_status":"closed","ping_status":"closed","sticky":false,"template":"","format":"standard","meta":{"footnotes":""},"categories":[12],"tags":[],"class_list":["post-32075","post","type-post","status-publish","format-standard","has-post-thumbnail","hentry","category-nachrichten"],"yoast_head":"<!-- This site is optimized with the Yoast SEO plugin v26.9 - https:\/\/yoast.com\/product\/yoast-seo-wordpress\/ -->\n<title>Powered by Reuchlin - Deutsche Gemeinschaft<\/title>\n<meta name=\"robots\" content=\"index, follow, max-snippet:-1, max-image-preview:large, max-video-preview:-1\" \/>\n<link rel=\"canonical\" href=\"https:\/\/deutsche-gemeinschaft.eu\/powered-by-reuchlin-2\/\" \/>\n<meta property=\"og:locale\" content=\"de_DE\" \/>\n<meta property=\"og:type\" content=\"article\" \/>\n<meta property=\"og:title\" content=\"Powered by Reuchlin - Deutsche Gemeinschaft\" \/>\n<meta property=\"og:url\" content=\"https:\/\/deutsche-gemeinschaft.eu\/powered-by-reuchlin-2\/\" \/>\n<meta property=\"og:site_name\" content=\"Deutsche Gemeinschaft\" \/>\n<meta property=\"article:publisher\" content=\"https:\/\/www.facebook.com\/Deutsche-Gemeinschaft-Njema%c4%8dka-zajednica-Osijek-164509470230884\/?fref=photo\" \/>\n<meta property=\"article:published_time\" content=\"2023-01-05T11:48:22+00:00\" \/>\n<meta property=\"article:modified_time\" content=\"2023-01-05T11:50:36+00:00\" \/>\n<meta property=\"og:image\" content=\"https:\/\/deutsche-gemeinschaft.eu\/wp-content\/uploads\/2022\/11\/20221105_120446-scaled.jpg\" \/>\n\t<meta property=\"og:image:width\" content=\"2560\" \/>\n\t<meta property=\"og:image:height\" content=\"1440\" \/>\n\t<meta property=\"og:image:type\" content=\"image\/jpeg\" \/>\n<meta name=\"author\" content=\"Adrian Ravli\u0107\" \/>\n<meta name=\"twitter:card\" content=\"summary_large_image\" \/>\n<meta name=\"twitter:label1\" content=\"Verfasst von\" \/>\n\t<meta name=\"twitter:data1\" content=\"Adrian Ravli\u0107\" \/>\n\t<meta name=\"twitter:label2\" content=\"Gesch\u00e4tzte Lesezeit\" \/>\n\t<meta name=\"twitter:data2\" content=\"6\u00a0Minuten\" \/>\n<script type=\"application\/ld+json\" class=\"yoast-schema-graph\">{\"@context\":\"https:\/\/schema.org\",\"@graph\":[{\"@type\":\"Article\",\"@id\":\"https:\/\/deutsche-gemeinschaft.eu\/powered-by-reuchlin-2\/#article\",\"isPartOf\":{\"@id\":\"https:\/\/deutsche-gemeinschaft.eu\/powered-by-reuchlin-2\/\"},\"author\":{\"name\":\"Adrian Ravli\u0107\",\"@id\":\"https:\/\/deutsche-gemeinschaft.eu\/#\/schema\/person\/a156c21cc3a1235c7d038366f3f51108\"},\"headline\":\"Powered by Reuchlin\",\"datePublished\":\"2023-01-05T11:48:22+00:00\",\"dateModified\":\"2023-01-05T11:50:36+00:00\",\"mainEntityOfPage\":{\"@id\":\"https:\/\/deutsche-gemeinschaft.eu\/powered-by-reuchlin-2\/\"},\"wordCount\":1128,\"publisher\":{\"@id\":\"https:\/\/deutsche-gemeinschaft.eu\/#organization\"},\"image\":{\"@id\":\"https:\/\/deutsche-gemeinschaft.eu\/powered-by-reuchlin-2\/#primaryimage\"},\"thumbnailUrl\":\"https:\/\/deutsche-gemeinschaft.eu\/wp-content\/uploads\/2022\/11\/20221105_120446-scaled.jpg\",\"articleSection\":[\"Nachrichten\"],\"inLanguage\":\"de\"},{\"@type\":\"WebPage\",\"@id\":\"https:\/\/deutsche-gemeinschaft.eu\/powered-by-reuchlin-2\/\",\"url\":\"https:\/\/deutsche-gemeinschaft.eu\/powered-by-reuchlin-2\/\",\"name\":\"Powered by Reuchlin - Deutsche Gemeinschaft\",\"isPartOf\":{\"@id\":\"https:\/\/deutsche-gemeinschaft.eu\/#website\"},\"primaryImageOfPage\":{\"@id\":\"https:\/\/deutsche-gemeinschaft.eu\/powered-by-reuchlin-2\/#primaryimage\"},\"image\":{\"@id\":\"https:\/\/deutsche-gemeinschaft.eu\/powered-by-reuchlin-2\/#primaryimage\"},\"thumbnailUrl\":\"https:\/\/deutsche-gemeinschaft.eu\/wp-content\/uploads\/2022\/11\/20221105_120446-scaled.jpg\",\"datePublished\":\"2023-01-05T11:48:22+00:00\",\"dateModified\":\"2023-01-05T11:50:36+00:00\",\"breadcrumb\":{\"@id\":\"https:\/\/deutsche-gemeinschaft.eu\/powered-by-reuchlin-2\/#breadcrumb\"},\"inLanguage\":\"de\",\"potentialAction\":[{\"@type\":\"ReadAction\",\"target\":[\"https:\/\/deutsche-gemeinschaft.eu\/powered-by-reuchlin-2\/\"]}]},{\"@type\":\"ImageObject\",\"inLanguage\":\"de\",\"@id\":\"https:\/\/deutsche-gemeinschaft.eu\/powered-by-reuchlin-2\/#primaryimage\",\"url\":\"https:\/\/deutsche-gemeinschaft.eu\/wp-content\/uploads\/2022\/11\/20221105_120446-scaled.jpg\",\"contentUrl\":\"https:\/\/deutsche-gemeinschaft.eu\/wp-content\/uploads\/2022\/11\/20221105_120446-scaled.jpg\",\"width\":2560,\"height\":1440,\"caption\":\"powered by reuchlin\"},{\"@type\":\"BreadcrumbList\",\"@id\":\"https:\/\/deutsche-gemeinschaft.eu\/powered-by-reuchlin-2\/#breadcrumb\",\"itemListElement\":[{\"@type\":\"ListItem\",\"position\":1,\"name\":\"Po\u010detna stranica\",\"item\":\"https:\/\/deutsche-gemeinschaft.eu\/de\/\"},{\"@type\":\"ListItem\",\"position\":2,\"name\":\"Powered by Reuchlin\"}]},{\"@type\":\"WebSite\",\"@id\":\"https:\/\/deutsche-gemeinschaft.eu\/#website\",\"url\":\"https:\/\/deutsche-gemeinschaft.eu\/\",\"name\":\"Deutsche Gemeinschaft\",\"description\":\"\",\"publisher\":{\"@id\":\"https:\/\/deutsche-gemeinschaft.eu\/#organization\"},\"potentialAction\":[{\"@type\":\"SearchAction\",\"target\":{\"@type\":\"EntryPoint\",\"urlTemplate\":\"https:\/\/deutsche-gemeinschaft.eu\/?s={search_term_string}\"},\"query-input\":{\"@type\":\"PropertyValueSpecification\",\"valueRequired\":true,\"valueName\":\"search_term_string\"}}],\"inLanguage\":\"de\"},{\"@type\":\"Organization\",\"@id\":\"https:\/\/deutsche-gemeinschaft.eu\/#organization\",\"name\":\"ZEMALJSKA UDRUGA PODUNAVSKIH \u0160VABA U HRVATSKOJ OSIJEK\",\"url\":\"https:\/\/deutsche-gemeinschaft.eu\/\",\"logo\":{\"@type\":\"ImageObject\",\"inLanguage\":\"de\",\"@id\":\"https:\/\/deutsche-gemeinschaft.eu\/#\/schema\/logo\/image\/\",\"url\":\"https:\/\/deutsche-gemeinschaft.eu\/wp-content\/uploads\/2020\/11\/vdg_favicon_apple_retina167.png\",\"contentUrl\":\"https:\/\/deutsche-gemeinschaft.eu\/wp-content\/uploads\/2020\/11\/vdg_favicon_apple_retina167.png\",\"width\":126,\"height\":167,\"caption\":\"ZEMALJSKA UDRUGA PODUNAVSKIH \u0160VABA U HRVATSKOJ OSIJEK\"},\"image\":{\"@id\":\"https:\/\/deutsche-gemeinschaft.eu\/#\/schema\/logo\/image\/\"},\"sameAs\":[\"https:\/\/www.facebook.com\/Deutsche-Gemeinschaft-Njema\u010dka-zajednica-Osijek-164509470230884\/?fref=photo\",\"https:\/\/www.instagram.com\/deutsche.gemeinschaft\/\",\"https:\/\/www.youtube.com\/channel\/UCI61Vso5HdZDM4dUETTFYyA\"]},{\"@type\":\"Person\",\"@id\":\"https:\/\/deutsche-gemeinschaft.eu\/#\/schema\/person\/a156c21cc3a1235c7d038366f3f51108\",\"name\":\"Adrian Ravli\u0107\",\"image\":{\"@type\":\"ImageObject\",\"inLanguage\":\"de\",\"@id\":\"https:\/\/deutsche-gemeinschaft.eu\/#\/schema\/person\/image\/\",\"url\":\"https:\/\/secure.gravatar.com\/avatar\/edc859417cb5ebe16668c71b31d42cadac9ba93584c521425abdc47f4d9998ba?s=96&d=mm&r=g\",\"contentUrl\":\"https:\/\/secure.gravatar.com\/avatar\/edc859417cb5ebe16668c71b31d42cadac9ba93584c521425abdc47f4d9998ba?s=96&d=mm&r=g\",\"caption\":\"Adrian Ravli\u0107\"},\"url\":\"https:\/\/deutsche-gemeinschaft.eu\/de\/author\/adrian\/\"}]}<\/script>\n<!-- \/ Yoast SEO plugin. -->","yoast_head_json":{"title":"Powered by Reuchlin - Deutsche Gemeinschaft","robots":{"index":"index","follow":"follow","max-snippet":"max-snippet:-1","max-image-preview":"max-image-preview:large","max-video-preview":"max-video-preview:-1"},"canonical":"https:\/\/deutsche-gemeinschaft.eu\/powered-by-reuchlin-2\/","og_locale":"de_DE","og_type":"article","og_title":"Powered by Reuchlin - Deutsche Gemeinschaft","og_url":"https:\/\/deutsche-gemeinschaft.eu\/powered-by-reuchlin-2\/","og_site_name":"Deutsche Gemeinschaft","article_publisher":"https:\/\/www.facebook.com\/Deutsche-Gemeinschaft-Njema%c4%8dka-zajednica-Osijek-164509470230884\/?fref=photo","article_published_time":"2023-01-05T11:48:22+00:00","article_modified_time":"2023-01-05T11:50:36+00:00","og_image":[{"width":2560,"height":1440,"url":"https:\/\/deutsche-gemeinschaft.eu\/wp-content\/uploads\/2022\/11\/20221105_120446-scaled.jpg","type":"image\/jpeg"}],"author":"Adrian Ravli\u0107","twitter_card":"summary_large_image","twitter_misc":{"Verfasst von":"Adrian Ravli\u0107","Gesch\u00e4tzte Lesezeit":"6\u00a0Minuten"},"schema":{"@context":"https:\/\/schema.org","@graph":[{"@type":"Article","@id":"https:\/\/deutsche-gemeinschaft.eu\/powered-by-reuchlin-2\/#article","isPartOf":{"@id":"https:\/\/deutsche-gemeinschaft.eu\/powered-by-reuchlin-2\/"},"author":{"name":"Adrian Ravli\u0107","@id":"https:\/\/deutsche-gemeinschaft.eu\/#\/schema\/person\/a156c21cc3a1235c7d038366f3f51108"},"headline":"Powered by Reuchlin","datePublished":"2023-01-05T11:48:22+00:00","dateModified":"2023-01-05T11:50:36+00:00","mainEntityOfPage":{"@id":"https:\/\/deutsche-gemeinschaft.eu\/powered-by-reuchlin-2\/"},"wordCount":1128,"publisher":{"@id":"https:\/\/deutsche-gemeinschaft.eu\/#organization"},"image":{"@id":"https:\/\/deutsche-gemeinschaft.eu\/powered-by-reuchlin-2\/#primaryimage"},"thumbnailUrl":"https:\/\/deutsche-gemeinschaft.eu\/wp-content\/uploads\/2022\/11\/20221105_120446-scaled.jpg","articleSection":["Nachrichten"],"inLanguage":"de"},{"@type":"WebPage","@id":"https:\/\/deutsche-gemeinschaft.eu\/powered-by-reuchlin-2\/","url":"https:\/\/deutsche-gemeinschaft.eu\/powered-by-reuchlin-2\/","name":"Powered by Reuchlin - Deutsche Gemeinschaft","isPartOf":{"@id":"https:\/\/deutsche-gemeinschaft.eu\/#website"},"primaryImageOfPage":{"@id":"https:\/\/deutsche-gemeinschaft.eu\/powered-by-reuchlin-2\/#primaryimage"},"image":{"@id":"https:\/\/deutsche-gemeinschaft.eu\/powered-by-reuchlin-2\/#primaryimage"},"thumbnailUrl":"https:\/\/deutsche-gemeinschaft.eu\/wp-content\/uploads\/2022\/11\/20221105_120446-scaled.jpg","datePublished":"2023-01-05T11:48:22+00:00","dateModified":"2023-01-05T11:50:36+00:00","breadcrumb":{"@id":"https:\/\/deutsche-gemeinschaft.eu\/powered-by-reuchlin-2\/#breadcrumb"},"inLanguage":"de","potentialAction":[{"@type":"ReadAction","target":["https:\/\/deutsche-gemeinschaft.eu\/powered-by-reuchlin-2\/"]}]},{"@type":"ImageObject","inLanguage":"de","@id":"https:\/\/deutsche-gemeinschaft.eu\/powered-by-reuchlin-2\/#primaryimage","url":"https:\/\/deutsche-gemeinschaft.eu\/wp-content\/uploads\/2022\/11\/20221105_120446-scaled.jpg","contentUrl":"https:\/\/deutsche-gemeinschaft.eu\/wp-content\/uploads\/2022\/11\/20221105_120446-scaled.jpg","width":2560,"height":1440,"caption":"powered by reuchlin"},{"@type":"BreadcrumbList","@id":"https:\/\/deutsche-gemeinschaft.eu\/powered-by-reuchlin-2\/#breadcrumb","itemListElement":[{"@type":"ListItem","position":1,"name":"Po\u010detna stranica","item":"https:\/\/deutsche-gemeinschaft.eu\/de\/"},{"@type":"ListItem","position":2,"name":"Powered by Reuchlin"}]},{"@type":"WebSite","@id":"https:\/\/deutsche-gemeinschaft.eu\/#website","url":"https:\/\/deutsche-gemeinschaft.eu\/","name":"Deutsche Gemeinschaft","description":"","publisher":{"@id":"https:\/\/deutsche-gemeinschaft.eu\/#organization"},"potentialAction":[{"@type":"SearchAction","target":{"@type":"EntryPoint","urlTemplate":"https:\/\/deutsche-gemeinschaft.eu\/?s={search_term_string}"},"query-input":{"@type":"PropertyValueSpecification","valueRequired":true,"valueName":"search_term_string"}}],"inLanguage":"de"},{"@type":"Organization","@id":"https:\/\/deutsche-gemeinschaft.eu\/#organization","name":"ZEMALJSKA UDRUGA PODUNAVSKIH \u0160VABA U HRVATSKOJ OSIJEK","url":"https:\/\/deutsche-gemeinschaft.eu\/","logo":{"@type":"ImageObject","inLanguage":"de","@id":"https:\/\/deutsche-gemeinschaft.eu\/#\/schema\/logo\/image\/","url":"https:\/\/deutsche-gemeinschaft.eu\/wp-content\/uploads\/2020\/11\/vdg_favicon_apple_retina167.png","contentUrl":"https:\/\/deutsche-gemeinschaft.eu\/wp-content\/uploads\/2020\/11\/vdg_favicon_apple_retina167.png","width":126,"height":167,"caption":"ZEMALJSKA UDRUGA PODUNAVSKIH \u0160VABA U HRVATSKOJ OSIJEK"},"image":{"@id":"https:\/\/deutsche-gemeinschaft.eu\/#\/schema\/logo\/image\/"},"sameAs":["https:\/\/www.facebook.com\/Deutsche-Gemeinschaft-Njema\u010dka-zajednica-Osijek-164509470230884\/?fref=photo","https:\/\/www.instagram.com\/deutsche.gemeinschaft\/","https:\/\/www.youtube.com\/channel\/UCI61Vso5HdZDM4dUETTFYyA"]},{"@type":"Person","@id":"https:\/\/deutsche-gemeinschaft.eu\/#\/schema\/person\/a156c21cc3a1235c7d038366f3f51108","name":"Adrian Ravli\u0107","image":{"@type":"ImageObject","inLanguage":"de","@id":"https:\/\/deutsche-gemeinschaft.eu\/#\/schema\/person\/image\/","url":"https:\/\/secure.gravatar.com\/avatar\/edc859417cb5ebe16668c71b31d42cadac9ba93584c521425abdc47f4d9998ba?s=96&d=mm&r=g","contentUrl":"https:\/\/secure.gravatar.com\/avatar\/edc859417cb5ebe16668c71b31d42cadac9ba93584c521425abdc47f4d9998ba?s=96&d=mm&r=g","caption":"Adrian Ravli\u0107"},"url":"https:\/\/deutsche-gemeinschaft.eu\/de\/author\/adrian\/"}]}},"_links":{"self":[{"href":"https:\/\/deutsche-gemeinschaft.eu\/de\/wp-json\/wp\/v2\/posts\/32075","targetHints":{"allow":["GET"]}}],"collection":[{"href":"https:\/\/deutsche-gemeinschaft.eu\/de\/wp-json\/wp\/v2\/posts"}],"about":[{"href":"https:\/\/deutsche-gemeinschaft.eu\/de\/wp-json\/wp\/v2\/types\/post"}],"author":[{"embeddable":true,"href":"https:\/\/deutsche-gemeinschaft.eu\/de\/wp-json\/wp\/v2\/users\/2"}],"replies":[{"embeddable":true,"href":"https:\/\/deutsche-gemeinschaft.eu\/de\/wp-json\/wp\/v2\/comments?post=32075"}],"version-history":[{"count":7,"href":"https:\/\/deutsche-gemeinschaft.eu\/de\/wp-json\/wp\/v2\/posts\/32075\/revisions"}],"predecessor-version":[{"id":32402,"href":"https:\/\/deutsche-gemeinschaft.eu\/de\/wp-json\/wp\/v2\/posts\/32075\/revisions\/32402"}],"wp:featuredmedia":[{"embeddable":true,"href":"https:\/\/deutsche-gemeinschaft.eu\/de\/wp-json\/wp\/v2\/media\/32065"}],"wp:attachment":[{"href":"https:\/\/deutsche-gemeinschaft.eu\/de\/wp-json\/wp\/v2\/media?parent=32075"}],"wp:term":[{"taxonomy":"category","embeddable":true,"href":"https:\/\/deutsche-gemeinschaft.eu\/de\/wp-json\/wp\/v2\/categories?post=32075"},{"taxonomy":"post_tag","embeddable":true,"href":"https:\/\/deutsche-gemeinschaft.eu\/de\/wp-json\/wp\/v2\/tags?post=32075"}],"curies":[{"name":"wp","href":"https:\/\/api.w.org\/{rel}","templated":true}]}}