{"id":32028,"date":"2022-10-17T09:52:01","date_gmt":"2022-10-17T07:52:01","guid":{"rendered":"https:\/\/deutsche-gemeinschaft.eu\/deutscher-kulturmonat-video-workshop-osijek\/"},"modified":"2022-10-17T09:52:02","modified_gmt":"2022-10-17T07:52:02","slug":"deutscher-kulturmonat-video-workshop-osijek","status":"publish","type":"post","link":"https:\/\/deutsche-gemeinschaft.eu\/de\/deutscher-kulturmonat-video-workshop-osijek\/","title":{"rendered":"Deutscher Kulturmonat &#8211; Video Workshop Osijek"},"content":{"rendered":"<div class=\"fusion-fullwidth fullwidth-box fusion-builder-row-1 fusion-flex-container nonhundred-percent-fullwidth non-hundred-percent-height-scrolling\" style=\"--awb-border-radius-top-left:0px;--awb-border-radius-top-right:0px;--awb-border-radius-bottom-right:0px;--awb-border-radius-bottom-left:0px;--awb-flex-wrap:wrap;\" ><div class=\"fusion-builder-row fusion-row fusion-flex-align-items-flex-start fusion-flex-content-wrap\" style=\"max-width:1414.4px;margin-left: calc(-4% \/ 2 );margin-right: calc(-4% \/ 2 );\"><div class=\"fusion-layout-column fusion_builder_column fusion-builder-column-0 fusion_builder_column_1_2 1_2 fusion-flex-column\" style=\"--awb-bg-size:cover;--awb-width-large:50%;--awb-margin-top-large:0px;--awb-spacing-right-large:3.84%;--awb-margin-bottom-large:20px;--awb-spacing-left-large:3.84%;--awb-width-medium:50%;--awb-order-medium:0;--awb-spacing-right-medium:3.84%;--awb-spacing-left-medium:3.84%;--awb-width-small:100%;--awb-order-small:0;--awb-spacing-right-small:1.92%;--awb-spacing-left-small:1.92%;\"><div class=\"fusion-column-wrapper fusion-column-has-shadow fusion-flex-justify-content-flex-start fusion-content-layout-column\"><div class=\"fusion-text fusion-text-1\"><p style=\"text-align: center;\">Den Auftakt zu einem neuen Workshop-Block im Rahmen des Deutschen Kulturmonates bildete der 1. Video-Workshop zum Thema \u201eWas ist f\u00fcr dich Deutsch in Osijek?\u201c.\u00a0 Mit Hilfe des Videografen Daniel Antunovi\u0107 beherrschten die Teilnehmer die grundlegenden Techniken der Videoaufnahme und -bearbeitung. Dann hatten sie die Aufgabe, durch das Stadtzentrum von Osijek zu laufen und selbst Filmbilder zu machen, die f\u00fcr sie Osijeks deutsches Erbe darstellen. Nach der Bearbeitung der Videos pr\u00e4sentierte jede Gruppe ihre Arbeit, und alle Anwesenden konnten f\u00fcr das Video abstimmen, das ihnen am besten gefiel. Danach wurden den 3 besten Arbeiten Preise verliehen und die Teilnehmer hatten eine Pause und einen Erfahrungsaustausch mit Erfrischungen.<\/p>\n<p style=\"text-align: center;\">Sie k\u00f6nnen die Videos auf unserem YOUTUBE-Kanal ansehen: https:\/\/www.youtube.com\/channel\/UCI61Vso5HdZDM4dUETTFYyA<\/p>\n<\/div><\/div><\/div><div class=\"fusion-layout-column fusion_builder_column fusion-builder-column-1 fusion_builder_column_1_2 1_2 fusion-flex-column\" style=\"--awb-bg-size:cover;--awb-width-large:50%;--awb-margin-top-large:0px;--awb-spacing-right-large:3.84%;--awb-margin-bottom-large:20px;--awb-spacing-left-large:3.84%;--awb-width-medium:50%;--awb-order-medium:0;--awb-spacing-right-medium:3.84%;--awb-spacing-left-medium:3.84%;--awb-width-small:100%;--awb-order-small:0;--awb-spacing-right-small:1.92%;--awb-spacing-left-small:1.92%;\"><div class=\"fusion-column-wrapper fusion-column-has-shadow fusion-flex-justify-content-flex-start fusion-content-layout-column\"><div class=\"fusion-slider-sc\"><div class=\"fusion-flexslider-loading flexslider flexslider-hover-type-none\" data-slideshow_autoplay=\"1\" data-slideshow_smooth_height=\"0\" data-slideshow_speed=\"7000\" style=\"max-width:100%;height:100%;\"><ul class=\"slides\"><li class=\"image\"><span class=\"fusion-image-hover-element hover-type-none\"><img decoding=\"async\" src=\"https:\/\/deutsche-gemeinschaft.eu\/wp-content\/uploads\/2022\/10\/20221015_1014550-scaled.jpg\" width=\"2560\" height=\"1440\" class=\"wp-image-32004\" srcset=\"https:\/\/deutsche-gemeinschaft.eu\/wp-content\/uploads\/2022\/10\/20221015_1014550-200x113.jpg 200w, https:\/\/deutsche-gemeinschaft.eu\/wp-content\/uploads\/2022\/10\/20221015_1014550-400x225.jpg 400w, https:\/\/deutsche-gemeinschaft.eu\/wp-content\/uploads\/2022\/10\/20221015_1014550-600x338.jpg 600w, https:\/\/deutsche-gemeinschaft.eu\/wp-content\/uploads\/2022\/10\/20221015_1014550-800x450.jpg 800w, https:\/\/deutsche-gemeinschaft.eu\/wp-content\/uploads\/2022\/10\/20221015_1014550-1200x675.jpg 1200w, https:\/\/deutsche-gemeinschaft.eu\/wp-content\/uploads\/2022\/10\/20221015_1014550-scaled.jpg 2560w\" sizes=\"(max-width: 640px) 100vw, 800px\" \/><\/span><\/li><li class=\"image\"><span class=\"fusion-image-hover-element hover-type-none\"><img decoding=\"async\" src=\"https:\/\/deutsche-gemeinschaft.eu\/wp-content\/uploads\/2022\/10\/20221015_101512-scaled.jpg\" width=\"2560\" height=\"1440\" class=\"wp-image-32006\" srcset=\"https:\/\/deutsche-gemeinschaft.eu\/wp-content\/uploads\/2022\/10\/20221015_101512-200x113.jpg 200w, https:\/\/deutsche-gemeinschaft.eu\/wp-content\/uploads\/2022\/10\/20221015_101512-400x225.jpg 400w, https:\/\/deutsche-gemeinschaft.eu\/wp-content\/uploads\/2022\/10\/20221015_101512-600x338.jpg 600w, https:\/\/deutsche-gemeinschaft.eu\/wp-content\/uploads\/2022\/10\/20221015_101512-800x450.jpg 800w, https:\/\/deutsche-gemeinschaft.eu\/wp-content\/uploads\/2022\/10\/20221015_101512-1200x675.jpg 1200w, https:\/\/deutsche-gemeinschaft.eu\/wp-content\/uploads\/2022\/10\/20221015_101512-scaled.jpg 2560w\" sizes=\"(max-width: 640px) 100vw, 800px\" \/><\/span><\/li><li class=\"image\"><span class=\"fusion-image-hover-element hover-type-none\"><img decoding=\"async\" src=\"https:\/\/deutsche-gemeinschaft.eu\/wp-content\/uploads\/2022\/10\/20221015_101629-scaled.jpg\" width=\"2560\" height=\"1440\" class=\"wp-image-32008\" srcset=\"https:\/\/deutsche-gemeinschaft.eu\/wp-content\/uploads\/2022\/10\/20221015_101629-200x113.jpg 200w, https:\/\/deutsche-gemeinschaft.eu\/wp-content\/uploads\/2022\/10\/20221015_101629-400x225.jpg 400w, https:\/\/deutsche-gemeinschaft.eu\/wp-content\/uploads\/2022\/10\/20221015_101629-600x338.jpg 600w, https:\/\/deutsche-gemeinschaft.eu\/wp-content\/uploads\/2022\/10\/20221015_101629-800x450.jpg 800w, https:\/\/deutsche-gemeinschaft.eu\/wp-content\/uploads\/2022\/10\/20221015_101629-1200x675.jpg 1200w, https:\/\/deutsche-gemeinschaft.eu\/wp-content\/uploads\/2022\/10\/20221015_101629-scaled.jpg 2560w\" sizes=\"(max-width: 640px) 100vw, 800px\" \/><\/span><\/li><li class=\"image\"><span class=\"fusion-image-hover-element hover-type-none\"><img decoding=\"async\" src=\"https:\/\/deutsche-gemeinschaft.eu\/wp-content\/uploads\/2022\/10\/20221015_110641-scaled.jpg\" width=\"2560\" height=\"1440\" class=\"wp-image-32010\" srcset=\"https:\/\/deutsche-gemeinschaft.eu\/wp-content\/uploads\/2022\/10\/20221015_110641-200x113.jpg 200w, https:\/\/deutsche-gemeinschaft.eu\/wp-content\/uploads\/2022\/10\/20221015_110641-400x225.jpg 400w, https:\/\/deutsche-gemeinschaft.eu\/wp-content\/uploads\/2022\/10\/20221015_110641-600x338.jpg 600w, https:\/\/deutsche-gemeinschaft.eu\/wp-content\/uploads\/2022\/10\/20221015_110641-800x450.jpg 800w, https:\/\/deutsche-gemeinschaft.eu\/wp-content\/uploads\/2022\/10\/20221015_110641-1200x675.jpg 1200w, https:\/\/deutsche-gemeinschaft.eu\/wp-content\/uploads\/2022\/10\/20221015_110641-scaled.jpg 2560w\" sizes=\"(max-width: 640px) 100vw, 800px\" \/><\/span><\/li><li class=\"image\"><span class=\"fusion-image-hover-element hover-type-none\"><img decoding=\"async\" src=\"https:\/\/deutsche-gemeinschaft.eu\/wp-content\/uploads\/2022\/10\/20221015_111122-scaled.jpg\" width=\"2560\" height=\"1440\" class=\"wp-image-32012\" srcset=\"https:\/\/deutsche-gemeinschaft.eu\/wp-content\/uploads\/2022\/10\/20221015_111122-200x113.jpg 200w, https:\/\/deutsche-gemeinschaft.eu\/wp-content\/uploads\/2022\/10\/20221015_111122-400x225.jpg 400w, https:\/\/deutsche-gemeinschaft.eu\/wp-content\/uploads\/2022\/10\/20221015_111122-600x338.jpg 600w, https:\/\/deutsche-gemeinschaft.eu\/wp-content\/uploads\/2022\/10\/20221015_111122-800x450.jpg 800w, https:\/\/deutsche-gemeinschaft.eu\/wp-content\/uploads\/2022\/10\/20221015_111122-1200x675.jpg 1200w, https:\/\/deutsche-gemeinschaft.eu\/wp-content\/uploads\/2022\/10\/20221015_111122-scaled.jpg 2560w\" sizes=\"(max-width: 640px) 100vw, 800px\" \/><\/span><\/li><li class=\"image\"><span class=\"fusion-image-hover-element hover-type-none\"><img decoding=\"async\" src=\"https:\/\/deutsche-gemeinschaft.eu\/wp-content\/uploads\/2022\/10\/20221015_111127-scaled.jpg\" width=\"2560\" height=\"1440\" class=\"wp-image-32014\" srcset=\"https:\/\/deutsche-gemeinschaft.eu\/wp-content\/uploads\/2022\/10\/20221015_111127-200x113.jpg 200w, https:\/\/deutsche-gemeinschaft.eu\/wp-content\/uploads\/2022\/10\/20221015_111127-400x225.jpg 400w, https:\/\/deutsche-gemeinschaft.eu\/wp-content\/uploads\/2022\/10\/20221015_111127-600x338.jpg 600w, https:\/\/deutsche-gemeinschaft.eu\/wp-content\/uploads\/2022\/10\/20221015_111127-800x450.jpg 800w, https:\/\/deutsche-gemeinschaft.eu\/wp-content\/uploads\/2022\/10\/20221015_111127-1200x675.jpg 1200w, https:\/\/deutsche-gemeinschaft.eu\/wp-content\/uploads\/2022\/10\/20221015_111127-scaled.jpg 2560w\" sizes=\"(max-width: 640px) 100vw, 800px\" \/><\/span><\/li><li class=\"image\"><span class=\"fusion-image-hover-element hover-type-none\"><img decoding=\"async\" src=\"https:\/\/deutsche-gemeinschaft.eu\/wp-content\/uploads\/2022\/10\/20221015_111132-scaled.jpg\" width=\"2560\" height=\"1440\" class=\"wp-image-32016\" srcset=\"https:\/\/deutsche-gemeinschaft.eu\/wp-content\/uploads\/2022\/10\/20221015_111132-200x113.jpg 200w, https:\/\/deutsche-gemeinschaft.eu\/wp-content\/uploads\/2022\/10\/20221015_111132-400x225.jpg 400w, https:\/\/deutsche-gemeinschaft.eu\/wp-content\/uploads\/2022\/10\/20221015_111132-600x338.jpg 600w, https:\/\/deutsche-gemeinschaft.eu\/wp-content\/uploads\/2022\/10\/20221015_111132-800x450.jpg 800w, https:\/\/deutsche-gemeinschaft.eu\/wp-content\/uploads\/2022\/10\/20221015_111132-1200x675.jpg 1200w, https:\/\/deutsche-gemeinschaft.eu\/wp-content\/uploads\/2022\/10\/20221015_111132-scaled.jpg 2560w\" sizes=\"(max-width: 640px) 100vw, 800px\" \/><\/span><\/li><li class=\"image\"><span class=\"fusion-image-hover-element hover-type-none\"><img decoding=\"async\" src=\"https:\/\/deutsche-gemeinschaft.eu\/wp-content\/uploads\/2022\/10\/20221015_112329-scaled.jpg\" width=\"2560\" height=\"1440\" class=\"wp-image-32018\" srcset=\"https:\/\/deutsche-gemeinschaft.eu\/wp-content\/uploads\/2022\/10\/20221015_112329-200x113.jpg 200w, https:\/\/deutsche-gemeinschaft.eu\/wp-content\/uploads\/2022\/10\/20221015_112329-400x225.jpg 400w, https:\/\/deutsche-gemeinschaft.eu\/wp-content\/uploads\/2022\/10\/20221015_112329-600x338.jpg 600w, https:\/\/deutsche-gemeinschaft.eu\/wp-content\/uploads\/2022\/10\/20221015_112329-800x450.jpg 800w, https:\/\/deutsche-gemeinschaft.eu\/wp-content\/uploads\/2022\/10\/20221015_112329-1200x675.jpg 1200w, https:\/\/deutsche-gemeinschaft.eu\/wp-content\/uploads\/2022\/10\/20221015_112329-scaled.jpg 2560w\" sizes=\"(max-width: 640px) 100vw, 800px\" \/><\/span><\/li><li class=\"image\"><span class=\"fusion-image-hover-element hover-type-none\"><img decoding=\"async\" src=\"https:\/\/deutsche-gemeinschaft.eu\/wp-content\/uploads\/2022\/10\/20221015_115706-scaled.jpg\" width=\"2560\" height=\"1440\" class=\"wp-image-32020\" srcset=\"https:\/\/deutsche-gemeinschaft.eu\/wp-content\/uploads\/2022\/10\/20221015_115706-200x113.jpg 200w, https:\/\/deutsche-gemeinschaft.eu\/wp-content\/uploads\/2022\/10\/20221015_115706-400x225.jpg 400w, https:\/\/deutsche-gemeinschaft.eu\/wp-content\/uploads\/2022\/10\/20221015_115706-600x338.jpg 600w, https:\/\/deutsche-gemeinschaft.eu\/wp-content\/uploads\/2022\/10\/20221015_115706-800x450.jpg 800w, https:\/\/deutsche-gemeinschaft.eu\/wp-content\/uploads\/2022\/10\/20221015_115706-1200x675.jpg 1200w, https:\/\/deutsche-gemeinschaft.eu\/wp-content\/uploads\/2022\/10\/20221015_115706-scaled.jpg 2560w\" sizes=\"(max-width: 640px) 100vw, 800px\" \/><\/span><\/li><li class=\"image\"><span class=\"fusion-image-hover-element hover-type-none\"><img decoding=\"async\" src=\"https:\/\/deutsche-gemeinschaft.eu\/wp-content\/uploads\/2022\/10\/20221015_120311-scaled.jpg\" width=\"2560\" height=\"1440\" class=\"wp-image-32022\" srcset=\"https:\/\/deutsche-gemeinschaft.eu\/wp-content\/uploads\/2022\/10\/20221015_120311-200x113.jpg 200w, https:\/\/deutsche-gemeinschaft.eu\/wp-content\/uploads\/2022\/10\/20221015_120311-400x225.jpg 400w, https:\/\/deutsche-gemeinschaft.eu\/wp-content\/uploads\/2022\/10\/20221015_120311-600x338.jpg 600w, https:\/\/deutsche-gemeinschaft.eu\/wp-content\/uploads\/2022\/10\/20221015_120311-800x450.jpg 800w, https:\/\/deutsche-gemeinschaft.eu\/wp-content\/uploads\/2022\/10\/20221015_120311-1200x675.jpg 1200w, https:\/\/deutsche-gemeinschaft.eu\/wp-content\/uploads\/2022\/10\/20221015_120311-scaled.jpg 2560w\" sizes=\"(max-width: 640px) 100vw, 800px\" \/><\/span><\/li><\/ul><\/div><\/div><\/div><\/div><\/div><\/div>\n","protected":false},"excerpt":{"rendered":"","protected":false},"author":5,"featured_media":32025,"comment_status":"closed","ping_status":"closed","sticky":false,"template":"","format":"standard","meta":{"footnotes":""},"categories":[13,12],"tags":[],"class_list":["post-32028","post","type-post","status-publish","format-standard","has-post-thumbnail","hentry","category-dg-osijek","category-nachrichten"],"yoast_head":"<!-- This site is optimized with the Yoast SEO plugin v26.9 - https:\/\/yoast.com\/product\/yoast-seo-wordpress\/ -->\n<title>Deutscher Kulturmonat - Video Workshop Osijek - Deutsche Gemeinschaft<\/title>\n<meta name=\"robots\" content=\"index, follow, max-snippet:-1, max-image-preview:large, max-video-preview:-1\" \/>\n<link rel=\"canonical\" href=\"https:\/\/deutsche-gemeinschaft.eu\/mjesec-njemacke-kulture-video-radionica-u-osijeku\/\" \/>\n<meta property=\"og:locale\" content=\"de_DE\" \/>\n<meta property=\"og:type\" content=\"article\" \/>\n<meta property=\"og:title\" content=\"Deutscher Kulturmonat - Video Workshop Osijek - Deutsche Gemeinschaft\" \/>\n<meta property=\"og:url\" content=\"https:\/\/deutsche-gemeinschaft.eu\/mjesec-njemacke-kulture-video-radionica-u-osijeku\/\" \/>\n<meta property=\"og:site_name\" content=\"Deutsche Gemeinschaft\" \/>\n<meta property=\"article:publisher\" content=\"https:\/\/www.facebook.com\/Deutsche-Gemeinschaft-Njema%c4%8dka-zajednica-Osijek-164509470230884\/?fref=photo\" \/>\n<meta property=\"article:published_time\" content=\"2022-10-17T07:52:01+00:00\" \/>\n<meta property=\"article:modified_time\" content=\"2022-10-17T07:52:02+00:00\" \/>\n<meta property=\"og:image\" content=\"https:\/\/deutsche-gemeinschaft.eu\/wp-content\/uploads\/2022\/10\/20221015_121436-scaled.jpg\" \/>\n\t<meta property=\"og:image:width\" content=\"2560\" \/>\n\t<meta property=\"og:image:height\" content=\"1440\" \/>\n\t<meta property=\"og:image:type\" content=\"image\/jpeg\" \/>\n<meta name=\"author\" content=\"Hanna Klein\" \/>\n<meta name=\"twitter:card\" content=\"summary_large_image\" \/>\n<meta name=\"twitter:label1\" content=\"Verfasst von\" \/>\n\t<meta name=\"twitter:data1\" content=\"Hanna Klein\" \/>\n\t<meta name=\"twitter:label2\" content=\"Gesch\u00e4tzte Lesezeit\" \/>\n\t<meta name=\"twitter:data2\" content=\"6\u00a0Minuten\" \/>\n<script type=\"application\/ld+json\" class=\"yoast-schema-graph\">{\"@context\":\"https:\/\/schema.org\",\"@graph\":[{\"@type\":\"Article\",\"@id\":\"https:\/\/deutsche-gemeinschaft.eu\/mjesec-njemacke-kulture-video-radionica-u-osijeku\/#article\",\"isPartOf\":{\"@id\":\"https:\/\/deutsche-gemeinschaft.eu\/mjesec-njemacke-kulture-video-radionica-u-osijeku\/\"},\"author\":{\"name\":\"Hanna Klein\",\"@id\":\"https:\/\/deutsche-gemeinschaft.eu\/#\/schema\/person\/8fdc624ee3ceefeb513ad76b080e4dc4\"},\"headline\":\"Deutscher Kulturmonat &#8211; Video Workshop Osijek\",\"datePublished\":\"2022-10-17T07:52:01+00:00\",\"dateModified\":\"2022-10-17T07:52:02+00:00\",\"mainEntityOfPage\":{\"@id\":\"https:\/\/deutsche-gemeinschaft.eu\/mjesec-njemacke-kulture-video-radionica-u-osijeku\/\"},\"wordCount\":1188,\"publisher\":{\"@id\":\"https:\/\/deutsche-gemeinschaft.eu\/#organization\"},\"image\":{\"@id\":\"https:\/\/deutsche-gemeinschaft.eu\/mjesec-njemacke-kulture-video-radionica-u-osijeku\/#primaryimage\"},\"thumbnailUrl\":\"https:\/\/deutsche-gemeinschaft.eu\/wp-content\/uploads\/2022\/10\/20221015_121436-scaled.jpg\",\"articleSection\":[\"DG - Osijek\",\"Nachrichten\"],\"inLanguage\":\"de\"},{\"@type\":\"WebPage\",\"@id\":\"https:\/\/deutsche-gemeinschaft.eu\/mjesec-njemacke-kulture-video-radionica-u-osijeku\/\",\"url\":\"https:\/\/deutsche-gemeinschaft.eu\/mjesec-njemacke-kulture-video-radionica-u-osijeku\/\",\"name\":\"Deutscher Kulturmonat - Video Workshop Osijek - Deutsche Gemeinschaft\",\"isPartOf\":{\"@id\":\"https:\/\/deutsche-gemeinschaft.eu\/#website\"},\"primaryImageOfPage\":{\"@id\":\"https:\/\/deutsche-gemeinschaft.eu\/mjesec-njemacke-kulture-video-radionica-u-osijeku\/#primaryimage\"},\"image\":{\"@id\":\"https:\/\/deutsche-gemeinschaft.eu\/mjesec-njemacke-kulture-video-radionica-u-osijeku\/#primaryimage\"},\"thumbnailUrl\":\"https:\/\/deutsche-gemeinschaft.eu\/wp-content\/uploads\/2022\/10\/20221015_121436-scaled.jpg\",\"datePublished\":\"2022-10-17T07:52:01+00:00\",\"dateModified\":\"2022-10-17T07:52:02+00:00\",\"breadcrumb\":{\"@id\":\"https:\/\/deutsche-gemeinschaft.eu\/mjesec-njemacke-kulture-video-radionica-u-osijeku\/#breadcrumb\"},\"inLanguage\":\"de\",\"potentialAction\":[{\"@type\":\"ReadAction\",\"target\":[\"https:\/\/deutsche-gemeinschaft.eu\/mjesec-njemacke-kulture-video-radionica-u-osijeku\/\"]}]},{\"@type\":\"ImageObject\",\"inLanguage\":\"de\",\"@id\":\"https:\/\/deutsche-gemeinschaft.eu\/mjesec-njemacke-kulture-video-radionica-u-osijeku\/#primaryimage\",\"url\":\"https:\/\/deutsche-gemeinschaft.eu\/wp-content\/uploads\/2022\/10\/20221015_121436-scaled.jpg\",\"contentUrl\":\"https:\/\/deutsche-gemeinschaft.eu\/wp-content\/uploads\/2022\/10\/20221015_121436-scaled.jpg\",\"width\":2560,\"height\":1440},{\"@type\":\"BreadcrumbList\",\"@id\":\"https:\/\/deutsche-gemeinschaft.eu\/mjesec-njemacke-kulture-video-radionica-u-osijeku\/#breadcrumb\",\"itemListElement\":[{\"@type\":\"ListItem\",\"position\":1,\"name\":\"Po\u010detna stranica\",\"item\":\"https:\/\/deutsche-gemeinschaft.eu\/de\/\"},{\"@type\":\"ListItem\",\"position\":2,\"name\":\"Deutscher Kulturmonat &#8211; Video Workshop Osijek\"}]},{\"@type\":\"WebSite\",\"@id\":\"https:\/\/deutsche-gemeinschaft.eu\/#website\",\"url\":\"https:\/\/deutsche-gemeinschaft.eu\/\",\"name\":\"Deutsche Gemeinschaft\",\"description\":\"\",\"publisher\":{\"@id\":\"https:\/\/deutsche-gemeinschaft.eu\/#organization\"},\"potentialAction\":[{\"@type\":\"SearchAction\",\"target\":{\"@type\":\"EntryPoint\",\"urlTemplate\":\"https:\/\/deutsche-gemeinschaft.eu\/?s={search_term_string}\"},\"query-input\":{\"@type\":\"PropertyValueSpecification\",\"valueRequired\":true,\"valueName\":\"search_term_string\"}}],\"inLanguage\":\"de\"},{\"@type\":\"Organization\",\"@id\":\"https:\/\/deutsche-gemeinschaft.eu\/#organization\",\"name\":\"ZEMALJSKA UDRUGA PODUNAVSKIH \u0160VABA U HRVATSKOJ OSIJEK\",\"url\":\"https:\/\/deutsche-gemeinschaft.eu\/\",\"logo\":{\"@type\":\"ImageObject\",\"inLanguage\":\"de\",\"@id\":\"https:\/\/deutsche-gemeinschaft.eu\/#\/schema\/logo\/image\/\",\"url\":\"https:\/\/deutsche-gemeinschaft.eu\/wp-content\/uploads\/2020\/11\/vdg_favicon_apple_retina167.png\",\"contentUrl\":\"https:\/\/deutsche-gemeinschaft.eu\/wp-content\/uploads\/2020\/11\/vdg_favicon_apple_retina167.png\",\"width\":126,\"height\":167,\"caption\":\"ZEMALJSKA UDRUGA PODUNAVSKIH \u0160VABA U HRVATSKOJ OSIJEK\"},\"image\":{\"@id\":\"https:\/\/deutsche-gemeinschaft.eu\/#\/schema\/logo\/image\/\"},\"sameAs\":[\"https:\/\/www.facebook.com\/Deutsche-Gemeinschaft-Njema\u010dka-zajednica-Osijek-164509470230884\/?fref=photo\",\"https:\/\/www.instagram.com\/deutsche.gemeinschaft\/\",\"https:\/\/www.youtube.com\/channel\/UCI61Vso5HdZDM4dUETTFYyA\"]},{\"@type\":\"Person\",\"@id\":\"https:\/\/deutsche-gemeinschaft.eu\/#\/schema\/person\/8fdc624ee3ceefeb513ad76b080e4dc4\",\"name\":\"Hanna Klein\",\"image\":{\"@type\":\"ImageObject\",\"inLanguage\":\"de\",\"@id\":\"https:\/\/deutsche-gemeinschaft.eu\/#\/schema\/person\/image\/\",\"url\":\"https:\/\/secure.gravatar.com\/avatar\/be869b318305a24c9754bdb54a5991f84e46c2c5b7e1bd48ce1d7a05c984da29?s=96&d=mm&r=g\",\"contentUrl\":\"https:\/\/secure.gravatar.com\/avatar\/be869b318305a24c9754bdb54a5991f84e46c2c5b7e1bd48ce1d7a05c984da29?s=96&d=mm&r=g\",\"caption\":\"Hanna Klein\"},\"url\":\"https:\/\/deutsche-gemeinschaft.eu\/de\/author\/hanna\/\"}]}<\/script>\n<!-- \/ Yoast SEO plugin. -->","yoast_head_json":{"title":"Deutscher Kulturmonat - Video Workshop Osijek - Deutsche Gemeinschaft","robots":{"index":"index","follow":"follow","max-snippet":"max-snippet:-1","max-image-preview":"max-image-preview:large","max-video-preview":"max-video-preview:-1"},"canonical":"https:\/\/deutsche-gemeinschaft.eu\/mjesec-njemacke-kulture-video-radionica-u-osijeku\/","og_locale":"de_DE","og_type":"article","og_title":"Deutscher Kulturmonat - Video Workshop Osijek - Deutsche Gemeinschaft","og_url":"https:\/\/deutsche-gemeinschaft.eu\/mjesec-njemacke-kulture-video-radionica-u-osijeku\/","og_site_name":"Deutsche Gemeinschaft","article_publisher":"https:\/\/www.facebook.com\/Deutsche-Gemeinschaft-Njema%c4%8dka-zajednica-Osijek-164509470230884\/?fref=photo","article_published_time":"2022-10-17T07:52:01+00:00","article_modified_time":"2022-10-17T07:52:02+00:00","og_image":[{"width":2560,"height":1440,"url":"https:\/\/deutsche-gemeinschaft.eu\/wp-content\/uploads\/2022\/10\/20221015_121436-scaled.jpg","type":"image\/jpeg"}],"author":"Hanna Klein","twitter_card":"summary_large_image","twitter_misc":{"Verfasst von":"Hanna Klein","Gesch\u00e4tzte Lesezeit":"6\u00a0Minuten"},"schema":{"@context":"https:\/\/schema.org","@graph":[{"@type":"Article","@id":"https:\/\/deutsche-gemeinschaft.eu\/mjesec-njemacke-kulture-video-radionica-u-osijeku\/#article","isPartOf":{"@id":"https:\/\/deutsche-gemeinschaft.eu\/mjesec-njemacke-kulture-video-radionica-u-osijeku\/"},"author":{"name":"Hanna Klein","@id":"https:\/\/deutsche-gemeinschaft.eu\/#\/schema\/person\/8fdc624ee3ceefeb513ad76b080e4dc4"},"headline":"Deutscher Kulturmonat &#8211; Video Workshop Osijek","datePublished":"2022-10-17T07:52:01+00:00","dateModified":"2022-10-17T07:52:02+00:00","mainEntityOfPage":{"@id":"https:\/\/deutsche-gemeinschaft.eu\/mjesec-njemacke-kulture-video-radionica-u-osijeku\/"},"wordCount":1188,"publisher":{"@id":"https:\/\/deutsche-gemeinschaft.eu\/#organization"},"image":{"@id":"https:\/\/deutsche-gemeinschaft.eu\/mjesec-njemacke-kulture-video-radionica-u-osijeku\/#primaryimage"},"thumbnailUrl":"https:\/\/deutsche-gemeinschaft.eu\/wp-content\/uploads\/2022\/10\/20221015_121436-scaled.jpg","articleSection":["DG - Osijek","Nachrichten"],"inLanguage":"de"},{"@type":"WebPage","@id":"https:\/\/deutsche-gemeinschaft.eu\/mjesec-njemacke-kulture-video-radionica-u-osijeku\/","url":"https:\/\/deutsche-gemeinschaft.eu\/mjesec-njemacke-kulture-video-radionica-u-osijeku\/","name":"Deutscher Kulturmonat - Video Workshop Osijek - Deutsche Gemeinschaft","isPartOf":{"@id":"https:\/\/deutsche-gemeinschaft.eu\/#website"},"primaryImageOfPage":{"@id":"https:\/\/deutsche-gemeinschaft.eu\/mjesec-njemacke-kulture-video-radionica-u-osijeku\/#primaryimage"},"image":{"@id":"https:\/\/deutsche-gemeinschaft.eu\/mjesec-njemacke-kulture-video-radionica-u-osijeku\/#primaryimage"},"thumbnailUrl":"https:\/\/deutsche-gemeinschaft.eu\/wp-content\/uploads\/2022\/10\/20221015_121436-scaled.jpg","datePublished":"2022-10-17T07:52:01+00:00","dateModified":"2022-10-17T07:52:02+00:00","breadcrumb":{"@id":"https:\/\/deutsche-gemeinschaft.eu\/mjesec-njemacke-kulture-video-radionica-u-osijeku\/#breadcrumb"},"inLanguage":"de","potentialAction":[{"@type":"ReadAction","target":["https:\/\/deutsche-gemeinschaft.eu\/mjesec-njemacke-kulture-video-radionica-u-osijeku\/"]}]},{"@type":"ImageObject","inLanguage":"de","@id":"https:\/\/deutsche-gemeinschaft.eu\/mjesec-njemacke-kulture-video-radionica-u-osijeku\/#primaryimage","url":"https:\/\/deutsche-gemeinschaft.eu\/wp-content\/uploads\/2022\/10\/20221015_121436-scaled.jpg","contentUrl":"https:\/\/deutsche-gemeinschaft.eu\/wp-content\/uploads\/2022\/10\/20221015_121436-scaled.jpg","width":2560,"height":1440},{"@type":"BreadcrumbList","@id":"https:\/\/deutsche-gemeinschaft.eu\/mjesec-njemacke-kulture-video-radionica-u-osijeku\/#breadcrumb","itemListElement":[{"@type":"ListItem","position":1,"name":"Po\u010detna stranica","item":"https:\/\/deutsche-gemeinschaft.eu\/de\/"},{"@type":"ListItem","position":2,"name":"Deutscher Kulturmonat &#8211; Video Workshop Osijek"}]},{"@type":"WebSite","@id":"https:\/\/deutsche-gemeinschaft.eu\/#website","url":"https:\/\/deutsche-gemeinschaft.eu\/","name":"Deutsche Gemeinschaft","description":"","publisher":{"@id":"https:\/\/deutsche-gemeinschaft.eu\/#organization"},"potentialAction":[{"@type":"SearchAction","target":{"@type":"EntryPoint","urlTemplate":"https:\/\/deutsche-gemeinschaft.eu\/?s={search_term_string}"},"query-input":{"@type":"PropertyValueSpecification","valueRequired":true,"valueName":"search_term_string"}}],"inLanguage":"de"},{"@type":"Organization","@id":"https:\/\/deutsche-gemeinschaft.eu\/#organization","name":"ZEMALJSKA UDRUGA PODUNAVSKIH \u0160VABA U HRVATSKOJ OSIJEK","url":"https:\/\/deutsche-gemeinschaft.eu\/","logo":{"@type":"ImageObject","inLanguage":"de","@id":"https:\/\/deutsche-gemeinschaft.eu\/#\/schema\/logo\/image\/","url":"https:\/\/deutsche-gemeinschaft.eu\/wp-content\/uploads\/2020\/11\/vdg_favicon_apple_retina167.png","contentUrl":"https:\/\/deutsche-gemeinschaft.eu\/wp-content\/uploads\/2020\/11\/vdg_favicon_apple_retina167.png","width":126,"height":167,"caption":"ZEMALJSKA UDRUGA PODUNAVSKIH \u0160VABA U HRVATSKOJ OSIJEK"},"image":{"@id":"https:\/\/deutsche-gemeinschaft.eu\/#\/schema\/logo\/image\/"},"sameAs":["https:\/\/www.facebook.com\/Deutsche-Gemeinschaft-Njema\u010dka-zajednica-Osijek-164509470230884\/?fref=photo","https:\/\/www.instagram.com\/deutsche.gemeinschaft\/","https:\/\/www.youtube.com\/channel\/UCI61Vso5HdZDM4dUETTFYyA"]},{"@type":"Person","@id":"https:\/\/deutsche-gemeinschaft.eu\/#\/schema\/person\/8fdc624ee3ceefeb513ad76b080e4dc4","name":"Hanna Klein","image":{"@type":"ImageObject","inLanguage":"de","@id":"https:\/\/deutsche-gemeinschaft.eu\/#\/schema\/person\/image\/","url":"https:\/\/secure.gravatar.com\/avatar\/be869b318305a24c9754bdb54a5991f84e46c2c5b7e1bd48ce1d7a05c984da29?s=96&d=mm&r=g","contentUrl":"https:\/\/secure.gravatar.com\/avatar\/be869b318305a24c9754bdb54a5991f84e46c2c5b7e1bd48ce1d7a05c984da29?s=96&d=mm&r=g","caption":"Hanna Klein"},"url":"https:\/\/deutsche-gemeinschaft.eu\/de\/author\/hanna\/"}]}},"_links":{"self":[{"href":"https:\/\/deutsche-gemeinschaft.eu\/de\/wp-json\/wp\/v2\/posts\/32028","targetHints":{"allow":["GET"]}}],"collection":[{"href":"https:\/\/deutsche-gemeinschaft.eu\/de\/wp-json\/wp\/v2\/posts"}],"about":[{"href":"https:\/\/deutsche-gemeinschaft.eu\/de\/wp-json\/wp\/v2\/types\/post"}],"author":[{"embeddable":true,"href":"https:\/\/deutsche-gemeinschaft.eu\/de\/wp-json\/wp\/v2\/users\/5"}],"replies":[{"embeddable":true,"href":"https:\/\/deutsche-gemeinschaft.eu\/de\/wp-json\/wp\/v2\/comments?post=32028"}],"version-history":[{"count":2,"href":"https:\/\/deutsche-gemeinschaft.eu\/de\/wp-json\/wp\/v2\/posts\/32028\/revisions"}],"predecessor-version":[{"id":32030,"href":"https:\/\/deutsche-gemeinschaft.eu\/de\/wp-json\/wp\/v2\/posts\/32028\/revisions\/32030"}],"wp:featuredmedia":[{"embeddable":true,"href":"https:\/\/deutsche-gemeinschaft.eu\/de\/wp-json\/wp\/v2\/media\/32025"}],"wp:attachment":[{"href":"https:\/\/deutsche-gemeinschaft.eu\/de\/wp-json\/wp\/v2\/media?parent=32028"}],"wp:term":[{"taxonomy":"category","embeddable":true,"href":"https:\/\/deutsche-gemeinschaft.eu\/de\/wp-json\/wp\/v2\/categories?post=32028"},{"taxonomy":"post_tag","embeddable":true,"href":"https:\/\/deutsche-gemeinschaft.eu\/de\/wp-json\/wp\/v2\/tags?post=32028"}],"curies":[{"name":"wp","href":"https:\/\/api.w.org\/{rel}","templated":true}]}}