{"id":31605,"date":"2022-06-04T09:44:30","date_gmt":"2022-06-04T07:44:30","guid":{"rendered":"https:\/\/deutsche-gemeinschaft.eu\/?p=31605"},"modified":"2022-06-04T09:44:30","modified_gmt":"2022-06-04T07:44:30","slug":"prominente-deutsche-oesterreicher-und-juden-im-oeffentlichen-leben-von-osijek-im-laufe-der-geschichte","status":"publish","type":"post","link":"https:\/\/deutsche-gemeinschaft.eu\/de\/prominente-deutsche-oesterreicher-und-juden-im-oeffentlichen-leben-von-osijek-im-laufe-der-geschichte\/","title":{"rendered":"\u201eProminente Deutsche, \u00d6sterreicher und Juden im \u00f6ffentlichen Leben von Osijek im Laufe der Geschichte\u201c"},"content":{"rendered":"<div class=\"fusion-fullwidth fullwidth-box fusion-builder-row-1 fusion-flex-container nonhundred-percent-fullwidth non-hundred-percent-height-scrolling\" style=\"--awb-border-radius-top-left:0px;--awb-border-radius-top-right:0px;--awb-border-radius-bottom-right:0px;--awb-border-radius-bottom-left:0px;--awb-flex-wrap:wrap;\" ><div class=\"fusion-builder-row fusion-row fusion-flex-align-items-flex-start fusion-flex-content-wrap\" style=\"max-width:1414.4px;margin-left: calc(-4% \/ 2 );margin-right: calc(-4% \/ 2 );\"><div class=\"fusion-layout-column fusion_builder_column fusion-builder-column-0 fusion_builder_column_1_2 1_2 fusion-flex-column\" style=\"--awb-bg-size:cover;--awb-width-large:50%;--awb-margin-top-large:0px;--awb-spacing-right-large:3.84%;--awb-margin-bottom-large:0px;--awb-spacing-left-large:3.84%;--awb-width-medium:50%;--awb-spacing-right-medium:3.84%;--awb-spacing-left-medium:3.84%;--awb-width-small:100%;--awb-spacing-right-small:1.92%;--awb-spacing-left-small:1.92%;\"><div class=\"fusion-column-wrapper fusion-flex-justify-content-flex-start fusion-content-layout-column\"><div class=\"fusion-text fusion-text-1\"><p style=\"text-align: center;\">Organisiert von der Juristischen Fakult\u00e4t Osijek fand eine wissenschaftlich-fachliche Konferenz \u201eProminente Deutsche, \u00d6sterreicher und Juden im \u00f6ffentlichen Leben von Osijek im Laufe der Geschichte\u201c statt, die von Prof. Dr. Sc. Ljubica Kordi\u0107, au\u00dferordentliche Professorin, Prof. Dr. Sc. Ante Novokmet, Prodekan f\u00fcr Wirtschaft, Entwicklung und Projekte der Juristischen Fakult\u00e4t in Osijek und von Herrn Vladimir Ham, Vorsitzenden der Deutschen Gemeinschaft in Osijek, er\u00f6ffnet wurde.<\/p>\n<p style=\"text-align: center;\">\n\u00dcber 20 Teilnehmer, Professoren, Historiker, Forscher und Hobbyhistoriker pr\u00e4sentierten interessante Themen rund um die Geschichte Osijeks. Der Beitrag der Osijeker Deutschen, \u00d6sterreicher und Juden zur Entwicklung des kulturellen, k\u00fcnstlerischen, rechtlichen, wissenschaftlichen, p\u00e4dagogischen, wirtschaftlichen und sportlichen Lebens der Stadt Osijek stand im Mittelpunkt aller pr\u00e4sentierten Themen, die im Tagungsband nachzulesen sind.<\/p>\n<p style=\"text-align: center;\">\nIm Rahmen der Konferenz wurde eine Ausstellung von Drucksachen und B\u00fcchern der historischen Osijek-Drucker Prof. Dr. Sc. Miro Garda\u0161, der bei der Versammlung ebenfalls einen Vortrag hielt, ausgestellt.<\/p>\n<\/div><\/div><\/div><div class=\"fusion-layout-column fusion_builder_column fusion-builder-column-1 fusion_builder_column_1_2 1_2 fusion-flex-column\" style=\"--awb-bg-size:cover;--awb-width-large:50%;--awb-margin-top-large:0px;--awb-spacing-right-large:3.84%;--awb-margin-bottom-large:20px;--awb-spacing-left-large:3.84%;--awb-width-medium:50%;--awb-order-medium:0;--awb-spacing-right-medium:3.84%;--awb-spacing-left-medium:3.84%;--awb-width-small:100%;--awb-order-small:0;--awb-spacing-right-small:1.92%;--awb-spacing-left-small:1.92%;\"><div class=\"fusion-column-wrapper fusion-column-has-shadow fusion-flex-justify-content-flex-start fusion-content-layout-column\"><div class=\"fusion-slider-sc\"><div class=\"fusion-flexslider-loading flexslider flexslider-hover-type-none\" data-slideshow_autoplay=\"1\" data-slideshow_smooth_height=\"0\" data-slideshow_speed=\"7000\" style=\"max-width:100%;height:100%;\"><ul class=\"slides\"><li class=\"image\"><span class=\"fusion-image-hover-element hover-type-none\"><img decoding=\"async\" src=\"https:\/\/deutsche-gemeinschaft.eu\/wp-content\/uploads\/2022\/06\/20220603_104559-scaled.jpg\" width=\"2560\" height=\"1440\" class=\"wp-image-31596\" srcset=\"https:\/\/deutsche-gemeinschaft.eu\/wp-content\/uploads\/2022\/06\/20220603_104559-200x113.jpg 200w, https:\/\/deutsche-gemeinschaft.eu\/wp-content\/uploads\/2022\/06\/20220603_104559-400x225.jpg 400w, https:\/\/deutsche-gemeinschaft.eu\/wp-content\/uploads\/2022\/06\/20220603_104559-600x338.jpg 600w, https:\/\/deutsche-gemeinschaft.eu\/wp-content\/uploads\/2022\/06\/20220603_104559-800x450.jpg 800w, https:\/\/deutsche-gemeinschaft.eu\/wp-content\/uploads\/2022\/06\/20220603_104559-1200x675.jpg 1200w, https:\/\/deutsche-gemeinschaft.eu\/wp-content\/uploads\/2022\/06\/20220603_104559-scaled.jpg 2560w\" sizes=\"(max-width: 640px) 100vw, 800px\" \/><\/span><\/li><li class=\"image\"><span class=\"fusion-image-hover-element hover-type-none\"><img decoding=\"async\" src=\"https:\/\/deutsche-gemeinschaft.eu\/wp-content\/uploads\/2022\/06\/20220603_091705-scaled.jpg\" width=\"2560\" height=\"1440\" class=\"wp-image-31594\" srcset=\"https:\/\/deutsche-gemeinschaft.eu\/wp-content\/uploads\/2022\/06\/20220603_091705-200x113.jpg 200w, https:\/\/deutsche-gemeinschaft.eu\/wp-content\/uploads\/2022\/06\/20220603_091705-400x225.jpg 400w, https:\/\/deutsche-gemeinschaft.eu\/wp-content\/uploads\/2022\/06\/20220603_091705-600x338.jpg 600w, https:\/\/deutsche-gemeinschaft.eu\/wp-content\/uploads\/2022\/06\/20220603_091705-800x450.jpg 800w, https:\/\/deutsche-gemeinschaft.eu\/wp-content\/uploads\/2022\/06\/20220603_091705-1200x675.jpg 1200w, https:\/\/deutsche-gemeinschaft.eu\/wp-content\/uploads\/2022\/06\/20220603_091705-scaled.jpg 2560w\" sizes=\"(max-width: 640px) 100vw, 800px\" \/><\/span><\/li><li class=\"image\"><span class=\"fusion-image-hover-element hover-type-none\"><img decoding=\"async\" src=\"https:\/\/deutsche-gemeinschaft.eu\/wp-content\/uploads\/2022\/06\/20220603_091656-scaled.jpg\" width=\"2560\" height=\"1440\" class=\"wp-image-31592\" srcset=\"https:\/\/deutsche-gemeinschaft.eu\/wp-content\/uploads\/2022\/06\/20220603_091656-200x113.jpg 200w, https:\/\/deutsche-gemeinschaft.eu\/wp-content\/uploads\/2022\/06\/20220603_091656-400x225.jpg 400w, https:\/\/deutsche-gemeinschaft.eu\/wp-content\/uploads\/2022\/06\/20220603_091656-600x338.jpg 600w, https:\/\/deutsche-gemeinschaft.eu\/wp-content\/uploads\/2022\/06\/20220603_091656-800x450.jpg 800w, https:\/\/deutsche-gemeinschaft.eu\/wp-content\/uploads\/2022\/06\/20220603_091656-1200x675.jpg 1200w, https:\/\/deutsche-gemeinschaft.eu\/wp-content\/uploads\/2022\/06\/20220603_091656-scaled.jpg 2560w\" sizes=\"(max-width: 640px) 100vw, 800px\" \/><\/span><\/li><li class=\"image\"><span class=\"fusion-image-hover-element hover-type-none\"><img decoding=\"async\" src=\"https:\/\/deutsche-gemeinschaft.eu\/wp-content\/uploads\/2022\/06\/20220603_090233-scaled.jpg\" width=\"2560\" height=\"1440\" class=\"wp-image-31588\" srcset=\"https:\/\/deutsche-gemeinschaft.eu\/wp-content\/uploads\/2022\/06\/20220603_090233-200x113.jpg 200w, https:\/\/deutsche-gemeinschaft.eu\/wp-content\/uploads\/2022\/06\/20220603_090233-400x225.jpg 400w, https:\/\/deutsche-gemeinschaft.eu\/wp-content\/uploads\/2022\/06\/20220603_090233-600x338.jpg 600w, https:\/\/deutsche-gemeinschaft.eu\/wp-content\/uploads\/2022\/06\/20220603_090233-800x450.jpg 800w, https:\/\/deutsche-gemeinschaft.eu\/wp-content\/uploads\/2022\/06\/20220603_090233-1200x675.jpg 1200w, https:\/\/deutsche-gemeinschaft.eu\/wp-content\/uploads\/2022\/06\/20220603_090233-scaled.jpg 2560w\" sizes=\"(max-width: 640px) 100vw, 800px\" \/><\/span><\/li><\/ul><\/div><\/div><\/div><\/div><\/div><\/div>\n","protected":false},"excerpt":{"rendered":"","protected":false},"author":2,"featured_media":31599,"comment_status":"closed","ping_status":"closed","sticky":false,"template":"","format":"standard","meta":{"footnotes":""},"categories":[12],"tags":[],"class_list":["post-31605","post","type-post","status-publish","format-standard","has-post-thumbnail","hentry","category-nachrichten"],"yoast_head":"<!-- This site is optimized with the Yoast SEO plugin v26.9 - https:\/\/yoast.com\/product\/yoast-seo-wordpress\/ -->\n<title>\u201eProminente Deutsche, \u00d6sterreicher und Juden im \u00f6ffentlichen Leben von Osijek im Laufe der Geschichte\u201c - Deutsche Gemeinschaft<\/title>\n<meta name=\"robots\" content=\"index, follow, max-snippet:-1, max-image-preview:large, max-video-preview:-1\" \/>\n<link rel=\"canonical\" href=\"https:\/\/deutsche-gemeinschaft.eu\/ugledni-nijemci-austrijanci-i-zidovi-u-javnom-zivotu-osijeka-kroz-povijest-2\/\" \/>\n<meta property=\"og:locale\" content=\"de_DE\" \/>\n<meta property=\"og:type\" content=\"article\" \/>\n<meta property=\"og:title\" content=\"\u201eProminente Deutsche, \u00d6sterreicher und Juden im \u00f6ffentlichen Leben von Osijek im Laufe der Geschichte\u201c - Deutsche Gemeinschaft\" \/>\n<meta property=\"og:url\" content=\"https:\/\/deutsche-gemeinschaft.eu\/ugledni-nijemci-austrijanci-i-zidovi-u-javnom-zivotu-osijeka-kroz-povijest-2\/\" \/>\n<meta property=\"og:site_name\" content=\"Deutsche Gemeinschaft\" \/>\n<meta property=\"article:publisher\" content=\"https:\/\/www.facebook.com\/Deutsche-Gemeinschaft-Njema%c4%8dka-zajednica-Osijek-164509470230884\/?fref=photo\" \/>\n<meta property=\"article:published_time\" content=\"2022-06-04T07:44:30+00:00\" \/>\n<meta property=\"og:image\" content=\"https:\/\/deutsche-gemeinschaft.eu\/wp-content\/uploads\/2022\/06\/20220603_104305-scaled.jpg\" \/>\n\t<meta property=\"og:image:width\" content=\"2560\" \/>\n\t<meta property=\"og:image:height\" content=\"1440\" \/>\n\t<meta property=\"og:image:type\" content=\"image\/jpeg\" \/>\n<meta name=\"author\" content=\"Adrian Ravli\u0107\" \/>\n<meta name=\"twitter:card\" content=\"summary_large_image\" \/>\n<meta name=\"twitter:label1\" content=\"Verfasst von\" \/>\n\t<meta name=\"twitter:data1\" content=\"Adrian Ravli\u0107\" \/>\n\t<meta name=\"twitter:label2\" content=\"Gesch\u00e4tzte Lesezeit\" \/>\n\t<meta name=\"twitter:data2\" content=\"4\u00a0Minuten\" \/>\n<script type=\"application\/ld+json\" class=\"yoast-schema-graph\">{\"@context\":\"https:\/\/schema.org\",\"@graph\":[{\"@type\":\"Article\",\"@id\":\"https:\/\/deutsche-gemeinschaft.eu\/ugledni-nijemci-austrijanci-i-zidovi-u-javnom-zivotu-osijeka-kroz-povijest-2\/#article\",\"isPartOf\":{\"@id\":\"https:\/\/deutsche-gemeinschaft.eu\/ugledni-nijemci-austrijanci-i-zidovi-u-javnom-zivotu-osijeka-kroz-povijest-2\/\"},\"author\":{\"name\":\"Adrian Ravli\u0107\",\"@id\":\"https:\/\/deutsche-gemeinschaft.eu\/#\/schema\/person\/a156c21cc3a1235c7d038366f3f51108\"},\"headline\":\"\u201eProminente Deutsche, \u00d6sterreicher und Juden im \u00f6ffentlichen Leben von Osijek im Laufe der Geschichte\u201c\",\"datePublished\":\"2022-06-04T07:44:30+00:00\",\"mainEntityOfPage\":{\"@id\":\"https:\/\/deutsche-gemeinschaft.eu\/ugledni-nijemci-austrijanci-i-zidovi-u-javnom-zivotu-osijeka-kroz-povijest-2\/\"},\"wordCount\":728,\"publisher\":{\"@id\":\"https:\/\/deutsche-gemeinschaft.eu\/#organization\"},\"image\":{\"@id\":\"https:\/\/deutsche-gemeinschaft.eu\/ugledni-nijemci-austrijanci-i-zidovi-u-javnom-zivotu-osijeka-kroz-povijest-2\/#primaryimage\"},\"thumbnailUrl\":\"https:\/\/deutsche-gemeinschaft.eu\/wp-content\/uploads\/2022\/06\/20220603_104305-scaled.jpg\",\"articleSection\":[\"Nachrichten\"],\"inLanguage\":\"de\"},{\"@type\":\"WebPage\",\"@id\":\"https:\/\/deutsche-gemeinschaft.eu\/ugledni-nijemci-austrijanci-i-zidovi-u-javnom-zivotu-osijeka-kroz-povijest-2\/\",\"url\":\"https:\/\/deutsche-gemeinschaft.eu\/ugledni-nijemci-austrijanci-i-zidovi-u-javnom-zivotu-osijeka-kroz-povijest-2\/\",\"name\":\"\u201eProminente Deutsche, \u00d6sterreicher und Juden im \u00f6ffentlichen Leben von Osijek im Laufe der Geschichte\u201c - Deutsche Gemeinschaft\",\"isPartOf\":{\"@id\":\"https:\/\/deutsche-gemeinschaft.eu\/#website\"},\"primaryImageOfPage\":{\"@id\":\"https:\/\/deutsche-gemeinschaft.eu\/ugledni-nijemci-austrijanci-i-zidovi-u-javnom-zivotu-osijeka-kroz-povijest-2\/#primaryimage\"},\"image\":{\"@id\":\"https:\/\/deutsche-gemeinschaft.eu\/ugledni-nijemci-austrijanci-i-zidovi-u-javnom-zivotu-osijeka-kroz-povijest-2\/#primaryimage\"},\"thumbnailUrl\":\"https:\/\/deutsche-gemeinschaft.eu\/wp-content\/uploads\/2022\/06\/20220603_104305-scaled.jpg\",\"datePublished\":\"2022-06-04T07:44:30+00:00\",\"breadcrumb\":{\"@id\":\"https:\/\/deutsche-gemeinschaft.eu\/ugledni-nijemci-austrijanci-i-zidovi-u-javnom-zivotu-osijeka-kroz-povijest-2\/#breadcrumb\"},\"inLanguage\":\"de\",\"potentialAction\":[{\"@type\":\"ReadAction\",\"target\":[\"https:\/\/deutsche-gemeinschaft.eu\/ugledni-nijemci-austrijanci-i-zidovi-u-javnom-zivotu-osijeka-kroz-povijest-2\/\"]}]},{\"@type\":\"ImageObject\",\"inLanguage\":\"de\",\"@id\":\"https:\/\/deutsche-gemeinschaft.eu\/ugledni-nijemci-austrijanci-i-zidovi-u-javnom-zivotu-osijeka-kroz-povijest-2\/#primaryimage\",\"url\":\"https:\/\/deutsche-gemeinschaft.eu\/wp-content\/uploads\/2022\/06\/20220603_104305-scaled.jpg\",\"contentUrl\":\"https:\/\/deutsche-gemeinschaft.eu\/wp-content\/uploads\/2022\/06\/20220603_104305-scaled.jpg\",\"width\":2560,\"height\":1440,\"caption\":\"pravos\"},{\"@type\":\"BreadcrumbList\",\"@id\":\"https:\/\/deutsche-gemeinschaft.eu\/ugledni-nijemci-austrijanci-i-zidovi-u-javnom-zivotu-osijeka-kroz-povijest-2\/#breadcrumb\",\"itemListElement\":[{\"@type\":\"ListItem\",\"position\":1,\"name\":\"Po\u010detna stranica\",\"item\":\"https:\/\/deutsche-gemeinschaft.eu\/de\/\"},{\"@type\":\"ListItem\",\"position\":2,\"name\":\"\u201eProminente Deutsche, \u00d6sterreicher und Juden im \u00f6ffentlichen Leben von Osijek im Laufe der Geschichte\u201c\"}]},{\"@type\":\"WebSite\",\"@id\":\"https:\/\/deutsche-gemeinschaft.eu\/#website\",\"url\":\"https:\/\/deutsche-gemeinschaft.eu\/\",\"name\":\"Deutsche Gemeinschaft\",\"description\":\"\",\"publisher\":{\"@id\":\"https:\/\/deutsche-gemeinschaft.eu\/#organization\"},\"potentialAction\":[{\"@type\":\"SearchAction\",\"target\":{\"@type\":\"EntryPoint\",\"urlTemplate\":\"https:\/\/deutsche-gemeinschaft.eu\/?s={search_term_string}\"},\"query-input\":{\"@type\":\"PropertyValueSpecification\",\"valueRequired\":true,\"valueName\":\"search_term_string\"}}],\"inLanguage\":\"de\"},{\"@type\":\"Organization\",\"@id\":\"https:\/\/deutsche-gemeinschaft.eu\/#organization\",\"name\":\"ZEMALJSKA UDRUGA PODUNAVSKIH \u0160VABA U HRVATSKOJ OSIJEK\",\"url\":\"https:\/\/deutsche-gemeinschaft.eu\/\",\"logo\":{\"@type\":\"ImageObject\",\"inLanguage\":\"de\",\"@id\":\"https:\/\/deutsche-gemeinschaft.eu\/#\/schema\/logo\/image\/\",\"url\":\"https:\/\/deutsche-gemeinschaft.eu\/wp-content\/uploads\/2020\/11\/vdg_favicon_apple_retina167.png\",\"contentUrl\":\"https:\/\/deutsche-gemeinschaft.eu\/wp-content\/uploads\/2020\/11\/vdg_favicon_apple_retina167.png\",\"width\":126,\"height\":167,\"caption\":\"ZEMALJSKA UDRUGA PODUNAVSKIH \u0160VABA U HRVATSKOJ OSIJEK\"},\"image\":{\"@id\":\"https:\/\/deutsche-gemeinschaft.eu\/#\/schema\/logo\/image\/\"},\"sameAs\":[\"https:\/\/www.facebook.com\/Deutsche-Gemeinschaft-Njema\u010dka-zajednica-Osijek-164509470230884\/?fref=photo\",\"https:\/\/www.instagram.com\/deutsche.gemeinschaft\/\",\"https:\/\/www.youtube.com\/channel\/UCI61Vso5HdZDM4dUETTFYyA\"]},{\"@type\":\"Person\",\"@id\":\"https:\/\/deutsche-gemeinschaft.eu\/#\/schema\/person\/a156c21cc3a1235c7d038366f3f51108\",\"name\":\"Adrian Ravli\u0107\",\"image\":{\"@type\":\"ImageObject\",\"inLanguage\":\"de\",\"@id\":\"https:\/\/deutsche-gemeinschaft.eu\/#\/schema\/person\/image\/\",\"url\":\"https:\/\/secure.gravatar.com\/avatar\/edc859417cb5ebe16668c71b31d42cadac9ba93584c521425abdc47f4d9998ba?s=96&d=mm&r=g\",\"contentUrl\":\"https:\/\/secure.gravatar.com\/avatar\/edc859417cb5ebe16668c71b31d42cadac9ba93584c521425abdc47f4d9998ba?s=96&d=mm&r=g\",\"caption\":\"Adrian Ravli\u0107\"},\"url\":\"https:\/\/deutsche-gemeinschaft.eu\/de\/author\/adrian\/\"}]}<\/script>\n<!-- \/ Yoast SEO plugin. -->","yoast_head_json":{"title":"\u201eProminente Deutsche, \u00d6sterreicher und Juden im \u00f6ffentlichen Leben von Osijek im Laufe der Geschichte\u201c - Deutsche Gemeinschaft","robots":{"index":"index","follow":"follow","max-snippet":"max-snippet:-1","max-image-preview":"max-image-preview:large","max-video-preview":"max-video-preview:-1"},"canonical":"https:\/\/deutsche-gemeinschaft.eu\/ugledni-nijemci-austrijanci-i-zidovi-u-javnom-zivotu-osijeka-kroz-povijest-2\/","og_locale":"de_DE","og_type":"article","og_title":"\u201eProminente Deutsche, \u00d6sterreicher und Juden im \u00f6ffentlichen Leben von Osijek im Laufe der Geschichte\u201c - Deutsche Gemeinschaft","og_url":"https:\/\/deutsche-gemeinschaft.eu\/ugledni-nijemci-austrijanci-i-zidovi-u-javnom-zivotu-osijeka-kroz-povijest-2\/","og_site_name":"Deutsche Gemeinschaft","article_publisher":"https:\/\/www.facebook.com\/Deutsche-Gemeinschaft-Njema%c4%8dka-zajednica-Osijek-164509470230884\/?fref=photo","article_published_time":"2022-06-04T07:44:30+00:00","og_image":[{"width":2560,"height":1440,"url":"https:\/\/deutsche-gemeinschaft.eu\/wp-content\/uploads\/2022\/06\/20220603_104305-scaled.jpg","type":"image\/jpeg"}],"author":"Adrian Ravli\u0107","twitter_card":"summary_large_image","twitter_misc":{"Verfasst von":"Adrian Ravli\u0107","Gesch\u00e4tzte Lesezeit":"4\u00a0Minuten"},"schema":{"@context":"https:\/\/schema.org","@graph":[{"@type":"Article","@id":"https:\/\/deutsche-gemeinschaft.eu\/ugledni-nijemci-austrijanci-i-zidovi-u-javnom-zivotu-osijeka-kroz-povijest-2\/#article","isPartOf":{"@id":"https:\/\/deutsche-gemeinschaft.eu\/ugledni-nijemci-austrijanci-i-zidovi-u-javnom-zivotu-osijeka-kroz-povijest-2\/"},"author":{"name":"Adrian Ravli\u0107","@id":"https:\/\/deutsche-gemeinschaft.eu\/#\/schema\/person\/a156c21cc3a1235c7d038366f3f51108"},"headline":"\u201eProminente Deutsche, \u00d6sterreicher und Juden im \u00f6ffentlichen Leben von Osijek im Laufe der Geschichte\u201c","datePublished":"2022-06-04T07:44:30+00:00","mainEntityOfPage":{"@id":"https:\/\/deutsche-gemeinschaft.eu\/ugledni-nijemci-austrijanci-i-zidovi-u-javnom-zivotu-osijeka-kroz-povijest-2\/"},"wordCount":728,"publisher":{"@id":"https:\/\/deutsche-gemeinschaft.eu\/#organization"},"image":{"@id":"https:\/\/deutsche-gemeinschaft.eu\/ugledni-nijemci-austrijanci-i-zidovi-u-javnom-zivotu-osijeka-kroz-povijest-2\/#primaryimage"},"thumbnailUrl":"https:\/\/deutsche-gemeinschaft.eu\/wp-content\/uploads\/2022\/06\/20220603_104305-scaled.jpg","articleSection":["Nachrichten"],"inLanguage":"de"},{"@type":"WebPage","@id":"https:\/\/deutsche-gemeinschaft.eu\/ugledni-nijemci-austrijanci-i-zidovi-u-javnom-zivotu-osijeka-kroz-povijest-2\/","url":"https:\/\/deutsche-gemeinschaft.eu\/ugledni-nijemci-austrijanci-i-zidovi-u-javnom-zivotu-osijeka-kroz-povijest-2\/","name":"\u201eProminente Deutsche, \u00d6sterreicher und Juden im \u00f6ffentlichen Leben von Osijek im Laufe der Geschichte\u201c - Deutsche Gemeinschaft","isPartOf":{"@id":"https:\/\/deutsche-gemeinschaft.eu\/#website"},"primaryImageOfPage":{"@id":"https:\/\/deutsche-gemeinschaft.eu\/ugledni-nijemci-austrijanci-i-zidovi-u-javnom-zivotu-osijeka-kroz-povijest-2\/#primaryimage"},"image":{"@id":"https:\/\/deutsche-gemeinschaft.eu\/ugledni-nijemci-austrijanci-i-zidovi-u-javnom-zivotu-osijeka-kroz-povijest-2\/#primaryimage"},"thumbnailUrl":"https:\/\/deutsche-gemeinschaft.eu\/wp-content\/uploads\/2022\/06\/20220603_104305-scaled.jpg","datePublished":"2022-06-04T07:44:30+00:00","breadcrumb":{"@id":"https:\/\/deutsche-gemeinschaft.eu\/ugledni-nijemci-austrijanci-i-zidovi-u-javnom-zivotu-osijeka-kroz-povijest-2\/#breadcrumb"},"inLanguage":"de","potentialAction":[{"@type":"ReadAction","target":["https:\/\/deutsche-gemeinschaft.eu\/ugledni-nijemci-austrijanci-i-zidovi-u-javnom-zivotu-osijeka-kroz-povijest-2\/"]}]},{"@type":"ImageObject","inLanguage":"de","@id":"https:\/\/deutsche-gemeinschaft.eu\/ugledni-nijemci-austrijanci-i-zidovi-u-javnom-zivotu-osijeka-kroz-povijest-2\/#primaryimage","url":"https:\/\/deutsche-gemeinschaft.eu\/wp-content\/uploads\/2022\/06\/20220603_104305-scaled.jpg","contentUrl":"https:\/\/deutsche-gemeinschaft.eu\/wp-content\/uploads\/2022\/06\/20220603_104305-scaled.jpg","width":2560,"height":1440,"caption":"pravos"},{"@type":"BreadcrumbList","@id":"https:\/\/deutsche-gemeinschaft.eu\/ugledni-nijemci-austrijanci-i-zidovi-u-javnom-zivotu-osijeka-kroz-povijest-2\/#breadcrumb","itemListElement":[{"@type":"ListItem","position":1,"name":"Po\u010detna stranica","item":"https:\/\/deutsche-gemeinschaft.eu\/de\/"},{"@type":"ListItem","position":2,"name":"\u201eProminente Deutsche, \u00d6sterreicher und Juden im \u00f6ffentlichen Leben von Osijek im Laufe der Geschichte\u201c"}]},{"@type":"WebSite","@id":"https:\/\/deutsche-gemeinschaft.eu\/#website","url":"https:\/\/deutsche-gemeinschaft.eu\/","name":"Deutsche Gemeinschaft","description":"","publisher":{"@id":"https:\/\/deutsche-gemeinschaft.eu\/#organization"},"potentialAction":[{"@type":"SearchAction","target":{"@type":"EntryPoint","urlTemplate":"https:\/\/deutsche-gemeinschaft.eu\/?s={search_term_string}"},"query-input":{"@type":"PropertyValueSpecification","valueRequired":true,"valueName":"search_term_string"}}],"inLanguage":"de"},{"@type":"Organization","@id":"https:\/\/deutsche-gemeinschaft.eu\/#organization","name":"ZEMALJSKA UDRUGA PODUNAVSKIH \u0160VABA U HRVATSKOJ OSIJEK","url":"https:\/\/deutsche-gemeinschaft.eu\/","logo":{"@type":"ImageObject","inLanguage":"de","@id":"https:\/\/deutsche-gemeinschaft.eu\/#\/schema\/logo\/image\/","url":"https:\/\/deutsche-gemeinschaft.eu\/wp-content\/uploads\/2020\/11\/vdg_favicon_apple_retina167.png","contentUrl":"https:\/\/deutsche-gemeinschaft.eu\/wp-content\/uploads\/2020\/11\/vdg_favicon_apple_retina167.png","width":126,"height":167,"caption":"ZEMALJSKA UDRUGA PODUNAVSKIH \u0160VABA U HRVATSKOJ OSIJEK"},"image":{"@id":"https:\/\/deutsche-gemeinschaft.eu\/#\/schema\/logo\/image\/"},"sameAs":["https:\/\/www.facebook.com\/Deutsche-Gemeinschaft-Njema\u010dka-zajednica-Osijek-164509470230884\/?fref=photo","https:\/\/www.instagram.com\/deutsche.gemeinschaft\/","https:\/\/www.youtube.com\/channel\/UCI61Vso5HdZDM4dUETTFYyA"]},{"@type":"Person","@id":"https:\/\/deutsche-gemeinschaft.eu\/#\/schema\/person\/a156c21cc3a1235c7d038366f3f51108","name":"Adrian Ravli\u0107","image":{"@type":"ImageObject","inLanguage":"de","@id":"https:\/\/deutsche-gemeinschaft.eu\/#\/schema\/person\/image\/","url":"https:\/\/secure.gravatar.com\/avatar\/edc859417cb5ebe16668c71b31d42cadac9ba93584c521425abdc47f4d9998ba?s=96&d=mm&r=g","contentUrl":"https:\/\/secure.gravatar.com\/avatar\/edc859417cb5ebe16668c71b31d42cadac9ba93584c521425abdc47f4d9998ba?s=96&d=mm&r=g","caption":"Adrian Ravli\u0107"},"url":"https:\/\/deutsche-gemeinschaft.eu\/de\/author\/adrian\/"}]}},"_links":{"self":[{"href":"https:\/\/deutsche-gemeinschaft.eu\/de\/wp-json\/wp\/v2\/posts\/31605","targetHints":{"allow":["GET"]}}],"collection":[{"href":"https:\/\/deutsche-gemeinschaft.eu\/de\/wp-json\/wp\/v2\/posts"}],"about":[{"href":"https:\/\/deutsche-gemeinschaft.eu\/de\/wp-json\/wp\/v2\/types\/post"}],"author":[{"embeddable":true,"href":"https:\/\/deutsche-gemeinschaft.eu\/de\/wp-json\/wp\/v2\/users\/2"}],"replies":[{"embeddable":true,"href":"https:\/\/deutsche-gemeinschaft.eu\/de\/wp-json\/wp\/v2\/comments?post=31605"}],"version-history":[{"count":4,"href":"https:\/\/deutsche-gemeinschaft.eu\/de\/wp-json\/wp\/v2\/posts\/31605\/revisions"}],"predecessor-version":[{"id":31611,"href":"https:\/\/deutsche-gemeinschaft.eu\/de\/wp-json\/wp\/v2\/posts\/31605\/revisions\/31611"}],"wp:featuredmedia":[{"embeddable":true,"href":"https:\/\/deutsche-gemeinschaft.eu\/de\/wp-json\/wp\/v2\/media\/31599"}],"wp:attachment":[{"href":"https:\/\/deutsche-gemeinschaft.eu\/de\/wp-json\/wp\/v2\/media?parent=31605"}],"wp:term":[{"taxonomy":"category","embeddable":true,"href":"https:\/\/deutsche-gemeinschaft.eu\/de\/wp-json\/wp\/v2\/categories?post=31605"},{"taxonomy":"post_tag","embeddable":true,"href":"https:\/\/deutsche-gemeinschaft.eu\/de\/wp-json\/wp\/v2\/tags?post=31605"}],"curies":[{"name":"wp","href":"https:\/\/api.w.org\/{rel}","templated":true}]}}