{"id":30510,"date":"2021-10-09T09:37:23","date_gmt":"2021-10-09T07:37:23","guid":{"rendered":"https:\/\/deutsche-gemeinschaft.eu\/orgelkoncert-von-edmund-andler-boric\/"},"modified":"2021-10-09T09:37:24","modified_gmt":"2021-10-09T07:37:24","slug":"orgelkoncert-von-edmund-andler-boric","status":"publish","type":"post","link":"https:\/\/deutsche-gemeinschaft.eu\/de\/orgelkoncert-von-edmund-andler-boric\/","title":{"rendered":"Orgelkoncert von Edmund Andler-Bori\u0107"},"content":{"rendered":"<p><div class=\"fusion-fullwidth fullwidth-box fusion-builder-row-1 fusion-flex-container nonhundred-percent-fullwidth non-hundred-percent-height-scrolling\" style=\"--awb-border-radius-top-left:0px;--awb-border-radius-top-right:0px;--awb-border-radius-bottom-right:0px;--awb-border-radius-bottom-left:0px;--awb-flex-wrap:wrap;\" ><div class=\"fusion-builder-row fusion-row fusion-flex-align-items-flex-start fusion-flex-content-wrap\" style=\"max-width:1414.4px;margin-left: calc(-4% \/ 2 );margin-right: calc(-4% \/ 2 );\"><div class=\"fusion-layout-column fusion_builder_column fusion-builder-column-0 fusion_builder_column_1_2 1_2 fusion-flex-column\" style=\"--awb-bg-size:cover;--awb-width-large:50%;--awb-margin-top-large:0px;--awb-spacing-right-large:3.84%;--awb-margin-bottom-large:20px;--awb-spacing-left-large:3.84%;--awb-width-medium:50%;--awb-order-medium:0;--awb-spacing-right-medium:3.84%;--awb-spacing-left-medium:3.84%;--awb-width-small:100%;--awb-order-small:0;--awb-spacing-right-small:1.92%;--awb-spacing-left-small:1.92%;\"><div class=\"fusion-column-wrapper fusion-column-has-shadow fusion-flex-justify-content-flex-start fusion-content-layout-column\"><div class=\"fusion-text fusion-text-1\"><p style=\"text-align: center;\">Ein langj\u00e4hriges Mitglied und Freund der Deutschen Gemeinschaft gab am Freitag, 8. Oktober 2021, ein Orgelkonzert in der Evangelischen Kirche.<\/p>\n<p style=\"text-align: center;\">Er ist in Zadar geboren und aufgewachsen und lebt und arbeitet in Zagreb. Er studierte Klavier an der Musikakademie in Zagreb in der Klasse von Prof. Go Gamulin, Orgel im Unterricht<br \/>\nvon Prof. Ljerka O\u010di\u0107 und einen Magisterabschluss in Orgel in der Klasse von Prof. Maria Penzara. Seine Orgelinterpretation perfektionierte er in den Meisterkursen von Jaroslav Tuma, Pieter van Dijk und Daniel Roth. 1999 holte er den absoluten Sieg beim <em>II. Kroatischer Orgelwettbewerb Franjo Dugan<\/em>. 2010 gewann er den <em>Franjo-Dugan-<\/em>Preis f\u00fcr besondere Verdienste um die Erhaltung und F\u00f6rderung des Orgelerbes. In Zusammenarbeit mit <em>Croatia Records<\/em> ver\u00f6ffentlichte er sechs Solo-CDs, von denen die letzte 2019 unter dem Titel <em>Orguljske toccate iz Zagreba\u010dke katedrale<\/em>\u00a0ver\u00f6ffentlicht wurde.<\/p>\n<\/div><\/div><\/div><div class=\"fusion-layout-column fusion_builder_column fusion-builder-column-1 fusion_builder_column_1_2 1_2 fusion-flex-column\" style=\"--awb-bg-size:cover;--awb-width-large:50%;--awb-margin-top-large:0px;--awb-spacing-right-large:3.84%;--awb-margin-bottom-large:20px;--awb-spacing-left-large:3.84%;--awb-width-medium:50%;--awb-order-medium:0;--awb-spacing-right-medium:3.84%;--awb-spacing-left-medium:3.84%;--awb-width-small:100%;--awb-order-small:0;--awb-spacing-right-small:1.92%;--awb-spacing-left-small:1.92%;\"><div class=\"fusion-column-wrapper fusion-column-has-shadow fusion-flex-justify-content-flex-start fusion-content-layout-column\"><div class=\"fusion-slider-sc\"><div class=\"fusion-flexslider-loading flexslider flexslider-hover-type-none\" data-slideshow_autoplay=\"1\" data-slideshow_smooth_height=\"0\" data-slideshow_speed=\"7000\" style=\"max-width:100%;height:100%;\"><ul class=\"slides\"><li class=\"image\"><span class=\"fusion-image-hover-element hover-type-none\"><img decoding=\"async\" src=\"https:\/\/deutsche-gemeinschaft.eu\/wp-content\/uploads\/2021\/10\/20211008_185710-scaled.jpg\" width=\"2560\" height=\"1153\" class=\"wp-image-30499\" srcset=\"https:\/\/deutsche-gemeinschaft.eu\/wp-content\/uploads\/2021\/10\/20211008_185710-200x90.jpg 200w, https:\/\/deutsche-gemeinschaft.eu\/wp-content\/uploads\/2021\/10\/20211008_185710-400x180.jpg 400w, https:\/\/deutsche-gemeinschaft.eu\/wp-content\/uploads\/2021\/10\/20211008_185710-600x270.jpg 600w, https:\/\/deutsche-gemeinschaft.eu\/wp-content\/uploads\/2021\/10\/20211008_185710-800x360.jpg 800w, https:\/\/deutsche-gemeinschaft.eu\/wp-content\/uploads\/2021\/10\/20211008_185710-1200x540.jpg 1200w, https:\/\/deutsche-gemeinschaft.eu\/wp-content\/uploads\/2021\/10\/20211008_185710-scaled.jpg 2560w\" sizes=\"(max-width: 640px) 100vw, 800px\" \/><\/span><\/li><li class=\"image\"><span class=\"fusion-image-hover-element hover-type-none\"><img decoding=\"async\" src=\"https:\/\/deutsche-gemeinschaft.eu\/wp-content\/uploads\/2021\/10\/20211008_180928-scaled.jpg\" width=\"2560\" height=\"1153\" class=\"wp-image-30501\" srcset=\"https:\/\/deutsche-gemeinschaft.eu\/wp-content\/uploads\/2021\/10\/20211008_180928-200x90.jpg 200w, https:\/\/deutsche-gemeinschaft.eu\/wp-content\/uploads\/2021\/10\/20211008_180928-400x180.jpg 400w, https:\/\/deutsche-gemeinschaft.eu\/wp-content\/uploads\/2021\/10\/20211008_180928-600x270.jpg 600w, https:\/\/deutsche-gemeinschaft.eu\/wp-content\/uploads\/2021\/10\/20211008_180928-800x360.jpg 800w, https:\/\/deutsche-gemeinschaft.eu\/wp-content\/uploads\/2021\/10\/20211008_180928-1200x540.jpg 1200w, https:\/\/deutsche-gemeinschaft.eu\/wp-content\/uploads\/2021\/10\/20211008_180928-scaled.jpg 2560w\" sizes=\"(max-width: 640px) 100vw, 800px\" \/><\/span><\/li><\/ul><\/div><\/div><\/div><\/div><\/div><\/div><div class=\"fusion-fullwidth fullwidth-box fusion-builder-row-2 fusion-flex-container nonhundred-percent-fullwidth non-hundred-percent-height-scrolling\" style=\"--awb-border-radius-top-left:0px;--awb-border-radius-top-right:0px;--awb-border-radius-bottom-right:0px;--awb-border-radius-bottom-left:0px;--awb-flex-wrap:wrap;\" ><div class=\"fusion-builder-row fusion-row fusion-flex-align-items-flex-start fusion-flex-content-wrap\" style=\"max-width:1414.4px;margin-left: calc(-4% \/ 2 );margin-right: calc(-4% \/ 2 );\"><div class=\"fusion-layout-column fusion_builder_column fusion-builder-column-2 fusion_builder_column_1_2 1_2 fusion-flex-column\" style=\"--awb-bg-size:cover;--awb-width-large:50%;--awb-margin-top-large:0px;--awb-spacing-right-large:3.84%;--awb-margin-bottom-large:20px;--awb-spacing-left-large:3.84%;--awb-width-medium:50%;--awb-order-medium:0;--awb-spacing-right-medium:3.84%;--awb-spacing-left-medium:3.84%;--awb-width-small:100%;--awb-order-small:0;--awb-spacing-right-small:1.92%;--awb-spacing-left-small:1.92%;\"><div class=\"fusion-column-wrapper fusion-column-has-shadow fusion-flex-justify-content-flex-start fusion-content-layout-column\"><div class=\"fusion-slider-sc\"><div class=\"fusion-flexslider-loading flexslider flexslider-hover-type-none\" data-slideshow_autoplay=\"1\" data-slideshow_smooth_height=\"0\" data-slideshow_speed=\"7000\" style=\"max-width:100%;height:100%;\"><ul class=\"slides\"><li class=\"image\"><span class=\"fusion-image-hover-element hover-type-none\"><img decoding=\"async\" src=\"https:\/\/deutsche-gemeinschaft.eu\/wp-content\/uploads\/2021\/10\/20211008_175439-scaled.jpg\" width=\"2560\" height=\"1153\" class=\"wp-image-30503\" srcset=\"https:\/\/deutsche-gemeinschaft.eu\/wp-content\/uploads\/2021\/10\/20211008_175439-200x90.jpg 200w, https:\/\/deutsche-gemeinschaft.eu\/wp-content\/uploads\/2021\/10\/20211008_175439-400x180.jpg 400w, https:\/\/deutsche-gemeinschaft.eu\/wp-content\/uploads\/2021\/10\/20211008_175439-600x270.jpg 600w, https:\/\/deutsche-gemeinschaft.eu\/wp-content\/uploads\/2021\/10\/20211008_175439-800x360.jpg 800w, https:\/\/deutsche-gemeinschaft.eu\/wp-content\/uploads\/2021\/10\/20211008_175439-1200x540.jpg 1200w, https:\/\/deutsche-gemeinschaft.eu\/wp-content\/uploads\/2021\/10\/20211008_175439-scaled.jpg 2560w\" sizes=\"(max-width: 640px) 100vw, 800px\" \/><\/span><\/li><li class=\"image\"><span class=\"fusion-image-hover-element hover-type-none\"><img decoding=\"async\" src=\"https:\/\/deutsche-gemeinschaft.eu\/wp-content\/uploads\/2021\/10\/20211008_175430-scaled.jpg\" width=\"2560\" height=\"1153\" class=\"wp-image-30505\" srcset=\"https:\/\/deutsche-gemeinschaft.eu\/wp-content\/uploads\/2021\/10\/20211008_175430-200x90.jpg 200w, https:\/\/deutsche-gemeinschaft.eu\/wp-content\/uploads\/2021\/10\/20211008_175430-400x180.jpg 400w, https:\/\/deutsche-gemeinschaft.eu\/wp-content\/uploads\/2021\/10\/20211008_175430-600x270.jpg 600w, https:\/\/deutsche-gemeinschaft.eu\/wp-content\/uploads\/2021\/10\/20211008_175430-800x360.jpg 800w, https:\/\/deutsche-gemeinschaft.eu\/wp-content\/uploads\/2021\/10\/20211008_175430-1200x540.jpg 1200w, https:\/\/deutsche-gemeinschaft.eu\/wp-content\/uploads\/2021\/10\/20211008_175430-scaled.jpg 2560w\" sizes=\"(max-width: 640px) 100vw, 800px\" \/><\/span><\/li><\/ul><\/div><\/div><\/div><\/div><div class=\"fusion-layout-column fusion_builder_column fusion-builder-column-3 fusion_builder_column_1_2 1_2 fusion-flex-column\" style=\"--awb-bg-size:cover;--awb-width-large:50%;--awb-margin-top-large:0px;--awb-spacing-right-large:3.84%;--awb-margin-bottom-large:20px;--awb-spacing-left-large:3.84%;--awb-width-medium:50%;--awb-order-medium:0;--awb-spacing-right-medium:3.84%;--awb-spacing-left-medium:3.84%;--awb-width-small:100%;--awb-order-small:0;--awb-spacing-right-small:1.92%;--awb-spacing-left-small:1.92%;\"><div class=\"fusion-column-wrapper fusion-column-has-shadow fusion-flex-justify-content-flex-start fusion-content-layout-column\"><div class=\"fusion-text fusion-text-2\"><p style=\"text-align: center;\">Zahlreiche Besucher konnten ein abwechslungsreiches Programm genie\u00dfen, zu dem auch einige der bekanntesten deutschen Komponisten geh\u00f6rten.<\/p>\n<p style=\"text-align: center;\">Programm:<\/p>\n<p style=\"text-align: center;\">Agostino Tinazzoli (1660-1723): Toccata Decima settima<br \/>\nJohann Pachelbel (1653-1706): Ciaccona in D-dur<br \/>\nJohann Pachelbel: Fantasia in d<br \/>\nAnonimus \/ Kroatien 18. Jh.: Drei einfache Sonaten<br \/>\nBaldassare Galuppi ( 1706-1785): Sonata in d<br \/>\n<em>Andante-Allegro-Adagio-Allegro spirituoso<\/em><br \/>\nDomenico Zipoli (1688-1726): Variationen f\u00fcr Orgel<br \/>\nLudwig van Beethoven (1770-1827 ): Allegretto-Trio<br \/>\nGeorg Friedrich Handel (1685-1759): Passacaglia in g-mol<\/p>\n<\/div><\/div><\/div><\/div><\/div><\/p>\n","protected":false},"excerpt":{"rendered":"","protected":false},"author":2,"featured_media":30498,"comment_status":"closed","ping_status":"closed","sticky":false,"template":"","format":"standard","meta":{"footnotes":""},"categories":[12],"tags":[],"class_list":["post-30510","post","type-post","status-publish","format-standard","has-post-thumbnail","hentry","category-nachrichten"],"yoast_head":"<!-- This site is optimized with the Yoast SEO plugin v26.9 - https:\/\/yoast.com\/product\/yoast-seo-wordpress\/ -->\n<title>Orgelkoncert von Edmund Andler-Bori\u0107 - Deutsche Gemeinschaft<\/title>\n<meta name=\"robots\" content=\"index, follow, max-snippet:-1, max-image-preview:large, max-video-preview:-1\" \/>\n<link rel=\"canonical\" href=\"https:\/\/deutsche-gemeinschaft.eu\/de\/orgelkoncert-von-edmund-andler-boric\/\" \/>\n<meta property=\"og:locale\" content=\"de_DE\" \/>\n<meta property=\"og:type\" content=\"article\" \/>\n<meta property=\"og:title\" content=\"Orgelkoncert von Edmund Andler-Bori\u0107 - Deutsche Gemeinschaft\" \/>\n<meta property=\"og:url\" content=\"https:\/\/deutsche-gemeinschaft.eu\/de\/orgelkoncert-von-edmund-andler-boric\/\" \/>\n<meta property=\"og:site_name\" content=\"Deutsche Gemeinschaft\" \/>\n<meta property=\"article:publisher\" content=\"https:\/\/www.facebook.com\/Deutsche-Gemeinschaft-Njema%c4%8dka-zajednica-Osijek-164509470230884\/?fref=photo\" \/>\n<meta property=\"article:published_time\" content=\"2021-10-09T07:37:23+00:00\" \/>\n<meta property=\"article:modified_time\" content=\"2021-10-09T07:37:24+00:00\" \/>\n<meta property=\"og:image\" content=\"https:\/\/deutsche-gemeinschaft.eu\/wp-content\/uploads\/2021\/10\/program-face-scaled.jpg\" \/>\n\t<meta property=\"og:image:width\" content=\"1820\" \/>\n\t<meta property=\"og:image:height\" content=\"2560\" \/>\n\t<meta property=\"og:image:type\" content=\"image\/jpeg\" \/>\n<meta name=\"author\" content=\"Adrian Ravli\u0107\" \/>\n<meta name=\"twitter:card\" content=\"summary_large_image\" \/>\n<meta name=\"twitter:label1\" content=\"Verfasst von\" \/>\n\t<meta name=\"twitter:data1\" content=\"Adrian Ravli\u0107\" \/>\n\t<meta name=\"twitter:label2\" content=\"Gesch\u00e4tzte Lesezeit\" \/>\n\t<meta name=\"twitter:data2\" content=\"10\u00a0Minuten\" \/>\n<script type=\"application\/ld+json\" class=\"yoast-schema-graph\">{\"@context\":\"https:\/\/schema.org\",\"@graph\":[{\"@type\":\"Article\",\"@id\":\"https:\/\/deutsche-gemeinschaft.eu\/de\/orgelkoncert-von-edmund-andler-boric\/#article\",\"isPartOf\":{\"@id\":\"https:\/\/deutsche-gemeinschaft.eu\/de\/orgelkoncert-von-edmund-andler-boric\/\"},\"author\":{\"name\":\"Adrian Ravli\u0107\",\"@id\":\"https:\/\/deutsche-gemeinschaft.eu\/#\/schema\/person\/a156c21cc3a1235c7d038366f3f51108\"},\"headline\":\"Orgelkoncert von Edmund Andler-Bori\u0107\",\"datePublished\":\"2021-10-09T07:37:23+00:00\",\"dateModified\":\"2021-10-09T07:37:24+00:00\",\"mainEntityOfPage\":{\"@id\":\"https:\/\/deutsche-gemeinschaft.eu\/de\/orgelkoncert-von-edmund-andler-boric\/\"},\"wordCount\":2017,\"publisher\":{\"@id\":\"https:\/\/deutsche-gemeinschaft.eu\/#organization\"},\"image\":{\"@id\":\"https:\/\/deutsche-gemeinschaft.eu\/de\/orgelkoncert-von-edmund-andler-boric\/#primaryimage\"},\"thumbnailUrl\":\"https:\/\/deutsche-gemeinschaft.eu\/wp-content\/uploads\/2021\/10\/program-face-scaled.jpg\",\"articleSection\":[\"Nachrichten\"],\"inLanguage\":\"de\"},{\"@type\":\"WebPage\",\"@id\":\"https:\/\/deutsche-gemeinschaft.eu\/de\/orgelkoncert-von-edmund-andler-boric\/\",\"url\":\"https:\/\/deutsche-gemeinschaft.eu\/de\/orgelkoncert-von-edmund-andler-boric\/\",\"name\":\"Orgelkoncert von Edmund Andler-Bori\u0107 - Deutsche Gemeinschaft\",\"isPartOf\":{\"@id\":\"https:\/\/deutsche-gemeinschaft.eu\/#website\"},\"primaryImageOfPage\":{\"@id\":\"https:\/\/deutsche-gemeinschaft.eu\/de\/orgelkoncert-von-edmund-andler-boric\/#primaryimage\"},\"image\":{\"@id\":\"https:\/\/deutsche-gemeinschaft.eu\/de\/orgelkoncert-von-edmund-andler-boric\/#primaryimage\"},\"thumbnailUrl\":\"https:\/\/deutsche-gemeinschaft.eu\/wp-content\/uploads\/2021\/10\/program-face-scaled.jpg\",\"datePublished\":\"2021-10-09T07:37:23+00:00\",\"dateModified\":\"2021-10-09T07:37:24+00:00\",\"breadcrumb\":{\"@id\":\"https:\/\/deutsche-gemeinschaft.eu\/de\/orgelkoncert-von-edmund-andler-boric\/#breadcrumb\"},\"inLanguage\":\"de\",\"potentialAction\":[{\"@type\":\"ReadAction\",\"target\":[\"https:\/\/deutsche-gemeinschaft.eu\/de\/orgelkoncert-von-edmund-andler-boric\/\"]}]},{\"@type\":\"ImageObject\",\"inLanguage\":\"de\",\"@id\":\"https:\/\/deutsche-gemeinschaft.eu\/de\/orgelkoncert-von-edmund-andler-boric\/#primaryimage\",\"url\":\"https:\/\/deutsche-gemeinschaft.eu\/wp-content\/uploads\/2021\/10\/program-face-scaled.jpg\",\"contentUrl\":\"https:\/\/deutsche-gemeinschaft.eu\/wp-content\/uploads\/2021\/10\/program-face-scaled.jpg\",\"width\":1820,\"height\":2560,\"caption\":\"program Bori\u0107\"},{\"@type\":\"BreadcrumbList\",\"@id\":\"https:\/\/deutsche-gemeinschaft.eu\/de\/orgelkoncert-von-edmund-andler-boric\/#breadcrumb\",\"itemListElement\":[{\"@type\":\"ListItem\",\"position\":1,\"name\":\"Po\u010detna stranica\",\"item\":\"https:\/\/deutsche-gemeinschaft.eu\/de\/\"},{\"@type\":\"ListItem\",\"position\":2,\"name\":\"Orgelkoncert von Edmund Andler-Bori\u0107\"}]},{\"@type\":\"WebSite\",\"@id\":\"https:\/\/deutsche-gemeinschaft.eu\/#website\",\"url\":\"https:\/\/deutsche-gemeinschaft.eu\/\",\"name\":\"Deutsche Gemeinschaft\",\"description\":\"\",\"publisher\":{\"@id\":\"https:\/\/deutsche-gemeinschaft.eu\/#organization\"},\"potentialAction\":[{\"@type\":\"SearchAction\",\"target\":{\"@type\":\"EntryPoint\",\"urlTemplate\":\"https:\/\/deutsche-gemeinschaft.eu\/?s={search_term_string}\"},\"query-input\":{\"@type\":\"PropertyValueSpecification\",\"valueRequired\":true,\"valueName\":\"search_term_string\"}}],\"inLanguage\":\"de\"},{\"@type\":\"Organization\",\"@id\":\"https:\/\/deutsche-gemeinschaft.eu\/#organization\",\"name\":\"ZEMALJSKA UDRUGA PODUNAVSKIH \u0160VABA U HRVATSKOJ OSIJEK\",\"url\":\"https:\/\/deutsche-gemeinschaft.eu\/\",\"logo\":{\"@type\":\"ImageObject\",\"inLanguage\":\"de\",\"@id\":\"https:\/\/deutsche-gemeinschaft.eu\/#\/schema\/logo\/image\/\",\"url\":\"https:\/\/deutsche-gemeinschaft.eu\/wp-content\/uploads\/2020\/11\/vdg_favicon_apple_retina167.png\",\"contentUrl\":\"https:\/\/deutsche-gemeinschaft.eu\/wp-content\/uploads\/2020\/11\/vdg_favicon_apple_retina167.png\",\"width\":126,\"height\":167,\"caption\":\"ZEMALJSKA UDRUGA PODUNAVSKIH \u0160VABA U HRVATSKOJ OSIJEK\"},\"image\":{\"@id\":\"https:\/\/deutsche-gemeinschaft.eu\/#\/schema\/logo\/image\/\"},\"sameAs\":[\"https:\/\/www.facebook.com\/Deutsche-Gemeinschaft-Njema\u010dka-zajednica-Osijek-164509470230884\/?fref=photo\",\"https:\/\/www.instagram.com\/deutsche.gemeinschaft\/\",\"https:\/\/www.youtube.com\/channel\/UCI61Vso5HdZDM4dUETTFYyA\"]},{\"@type\":\"Person\",\"@id\":\"https:\/\/deutsche-gemeinschaft.eu\/#\/schema\/person\/a156c21cc3a1235c7d038366f3f51108\",\"name\":\"Adrian Ravli\u0107\",\"image\":{\"@type\":\"ImageObject\",\"inLanguage\":\"de\",\"@id\":\"https:\/\/deutsche-gemeinschaft.eu\/#\/schema\/person\/image\/\",\"url\":\"https:\/\/secure.gravatar.com\/avatar\/edc859417cb5ebe16668c71b31d42cadac9ba93584c521425abdc47f4d9998ba?s=96&d=mm&r=g\",\"contentUrl\":\"https:\/\/secure.gravatar.com\/avatar\/edc859417cb5ebe16668c71b31d42cadac9ba93584c521425abdc47f4d9998ba?s=96&d=mm&r=g\",\"caption\":\"Adrian Ravli\u0107\"},\"url\":\"https:\/\/deutsche-gemeinschaft.eu\/de\/author\/adrian\/\"}]}<\/script>\n<!-- \/ Yoast SEO plugin. -->","yoast_head_json":{"title":"Orgelkoncert von Edmund Andler-Bori\u0107 - Deutsche Gemeinschaft","robots":{"index":"index","follow":"follow","max-snippet":"max-snippet:-1","max-image-preview":"max-image-preview:large","max-video-preview":"max-video-preview:-1"},"canonical":"https:\/\/deutsche-gemeinschaft.eu\/de\/orgelkoncert-von-edmund-andler-boric\/","og_locale":"de_DE","og_type":"article","og_title":"Orgelkoncert von Edmund Andler-Bori\u0107 - Deutsche Gemeinschaft","og_url":"https:\/\/deutsche-gemeinschaft.eu\/de\/orgelkoncert-von-edmund-andler-boric\/","og_site_name":"Deutsche Gemeinschaft","article_publisher":"https:\/\/www.facebook.com\/Deutsche-Gemeinschaft-Njema%c4%8dka-zajednica-Osijek-164509470230884\/?fref=photo","article_published_time":"2021-10-09T07:37:23+00:00","article_modified_time":"2021-10-09T07:37:24+00:00","og_image":[{"width":1820,"height":2560,"url":"https:\/\/deutsche-gemeinschaft.eu\/wp-content\/uploads\/2021\/10\/program-face-scaled.jpg","type":"image\/jpeg"}],"author":"Adrian Ravli\u0107","twitter_card":"summary_large_image","twitter_misc":{"Verfasst von":"Adrian Ravli\u0107","Gesch\u00e4tzte Lesezeit":"10\u00a0Minuten"},"schema":{"@context":"https:\/\/schema.org","@graph":[{"@type":"Article","@id":"https:\/\/deutsche-gemeinschaft.eu\/de\/orgelkoncert-von-edmund-andler-boric\/#article","isPartOf":{"@id":"https:\/\/deutsche-gemeinschaft.eu\/de\/orgelkoncert-von-edmund-andler-boric\/"},"author":{"name":"Adrian Ravli\u0107","@id":"https:\/\/deutsche-gemeinschaft.eu\/#\/schema\/person\/a156c21cc3a1235c7d038366f3f51108"},"headline":"Orgelkoncert von Edmund Andler-Bori\u0107","datePublished":"2021-10-09T07:37:23+00:00","dateModified":"2021-10-09T07:37:24+00:00","mainEntityOfPage":{"@id":"https:\/\/deutsche-gemeinschaft.eu\/de\/orgelkoncert-von-edmund-andler-boric\/"},"wordCount":2017,"publisher":{"@id":"https:\/\/deutsche-gemeinschaft.eu\/#organization"},"image":{"@id":"https:\/\/deutsche-gemeinschaft.eu\/de\/orgelkoncert-von-edmund-andler-boric\/#primaryimage"},"thumbnailUrl":"https:\/\/deutsche-gemeinschaft.eu\/wp-content\/uploads\/2021\/10\/program-face-scaled.jpg","articleSection":["Nachrichten"],"inLanguage":"de"},{"@type":"WebPage","@id":"https:\/\/deutsche-gemeinschaft.eu\/de\/orgelkoncert-von-edmund-andler-boric\/","url":"https:\/\/deutsche-gemeinschaft.eu\/de\/orgelkoncert-von-edmund-andler-boric\/","name":"Orgelkoncert von Edmund Andler-Bori\u0107 - Deutsche Gemeinschaft","isPartOf":{"@id":"https:\/\/deutsche-gemeinschaft.eu\/#website"},"primaryImageOfPage":{"@id":"https:\/\/deutsche-gemeinschaft.eu\/de\/orgelkoncert-von-edmund-andler-boric\/#primaryimage"},"image":{"@id":"https:\/\/deutsche-gemeinschaft.eu\/de\/orgelkoncert-von-edmund-andler-boric\/#primaryimage"},"thumbnailUrl":"https:\/\/deutsche-gemeinschaft.eu\/wp-content\/uploads\/2021\/10\/program-face-scaled.jpg","datePublished":"2021-10-09T07:37:23+00:00","dateModified":"2021-10-09T07:37:24+00:00","breadcrumb":{"@id":"https:\/\/deutsche-gemeinschaft.eu\/de\/orgelkoncert-von-edmund-andler-boric\/#breadcrumb"},"inLanguage":"de","potentialAction":[{"@type":"ReadAction","target":["https:\/\/deutsche-gemeinschaft.eu\/de\/orgelkoncert-von-edmund-andler-boric\/"]}]},{"@type":"ImageObject","inLanguage":"de","@id":"https:\/\/deutsche-gemeinschaft.eu\/de\/orgelkoncert-von-edmund-andler-boric\/#primaryimage","url":"https:\/\/deutsche-gemeinschaft.eu\/wp-content\/uploads\/2021\/10\/program-face-scaled.jpg","contentUrl":"https:\/\/deutsche-gemeinschaft.eu\/wp-content\/uploads\/2021\/10\/program-face-scaled.jpg","width":1820,"height":2560,"caption":"program Bori\u0107"},{"@type":"BreadcrumbList","@id":"https:\/\/deutsche-gemeinschaft.eu\/de\/orgelkoncert-von-edmund-andler-boric\/#breadcrumb","itemListElement":[{"@type":"ListItem","position":1,"name":"Po\u010detna stranica","item":"https:\/\/deutsche-gemeinschaft.eu\/de\/"},{"@type":"ListItem","position":2,"name":"Orgelkoncert von Edmund Andler-Bori\u0107"}]},{"@type":"WebSite","@id":"https:\/\/deutsche-gemeinschaft.eu\/#website","url":"https:\/\/deutsche-gemeinschaft.eu\/","name":"Deutsche Gemeinschaft","description":"","publisher":{"@id":"https:\/\/deutsche-gemeinschaft.eu\/#organization"},"potentialAction":[{"@type":"SearchAction","target":{"@type":"EntryPoint","urlTemplate":"https:\/\/deutsche-gemeinschaft.eu\/?s={search_term_string}"},"query-input":{"@type":"PropertyValueSpecification","valueRequired":true,"valueName":"search_term_string"}}],"inLanguage":"de"},{"@type":"Organization","@id":"https:\/\/deutsche-gemeinschaft.eu\/#organization","name":"ZEMALJSKA UDRUGA PODUNAVSKIH \u0160VABA U HRVATSKOJ OSIJEK","url":"https:\/\/deutsche-gemeinschaft.eu\/","logo":{"@type":"ImageObject","inLanguage":"de","@id":"https:\/\/deutsche-gemeinschaft.eu\/#\/schema\/logo\/image\/","url":"https:\/\/deutsche-gemeinschaft.eu\/wp-content\/uploads\/2020\/11\/vdg_favicon_apple_retina167.png","contentUrl":"https:\/\/deutsche-gemeinschaft.eu\/wp-content\/uploads\/2020\/11\/vdg_favicon_apple_retina167.png","width":126,"height":167,"caption":"ZEMALJSKA UDRUGA PODUNAVSKIH \u0160VABA U HRVATSKOJ OSIJEK"},"image":{"@id":"https:\/\/deutsche-gemeinschaft.eu\/#\/schema\/logo\/image\/"},"sameAs":["https:\/\/www.facebook.com\/Deutsche-Gemeinschaft-Njema\u010dka-zajednica-Osijek-164509470230884\/?fref=photo","https:\/\/www.instagram.com\/deutsche.gemeinschaft\/","https:\/\/www.youtube.com\/channel\/UCI61Vso5HdZDM4dUETTFYyA"]},{"@type":"Person","@id":"https:\/\/deutsche-gemeinschaft.eu\/#\/schema\/person\/a156c21cc3a1235c7d038366f3f51108","name":"Adrian Ravli\u0107","image":{"@type":"ImageObject","inLanguage":"de","@id":"https:\/\/deutsche-gemeinschaft.eu\/#\/schema\/person\/image\/","url":"https:\/\/secure.gravatar.com\/avatar\/edc859417cb5ebe16668c71b31d42cadac9ba93584c521425abdc47f4d9998ba?s=96&d=mm&r=g","contentUrl":"https:\/\/secure.gravatar.com\/avatar\/edc859417cb5ebe16668c71b31d42cadac9ba93584c521425abdc47f4d9998ba?s=96&d=mm&r=g","caption":"Adrian Ravli\u0107"},"url":"https:\/\/deutsche-gemeinschaft.eu\/de\/author\/adrian\/"}]}},"_links":{"self":[{"href":"https:\/\/deutsche-gemeinschaft.eu\/de\/wp-json\/wp\/v2\/posts\/30510","targetHints":{"allow":["GET"]}}],"collection":[{"href":"https:\/\/deutsche-gemeinschaft.eu\/de\/wp-json\/wp\/v2\/posts"}],"about":[{"href":"https:\/\/deutsche-gemeinschaft.eu\/de\/wp-json\/wp\/v2\/types\/post"}],"author":[{"embeddable":true,"href":"https:\/\/deutsche-gemeinschaft.eu\/de\/wp-json\/wp\/v2\/users\/2"}],"replies":[{"embeddable":true,"href":"https:\/\/deutsche-gemeinschaft.eu\/de\/wp-json\/wp\/v2\/comments?post=30510"}],"version-history":[{"count":2,"href":"https:\/\/deutsche-gemeinschaft.eu\/de\/wp-json\/wp\/v2\/posts\/30510\/revisions"}],"predecessor-version":[{"id":30512,"href":"https:\/\/deutsche-gemeinschaft.eu\/de\/wp-json\/wp\/v2\/posts\/30510\/revisions\/30512"}],"wp:featuredmedia":[{"embeddable":true,"href":"https:\/\/deutsche-gemeinschaft.eu\/de\/wp-json\/wp\/v2\/media\/30498"}],"wp:attachment":[{"href":"https:\/\/deutsche-gemeinschaft.eu\/de\/wp-json\/wp\/v2\/media?parent=30510"}],"wp:term":[{"taxonomy":"category","embeddable":true,"href":"https:\/\/deutsche-gemeinschaft.eu\/de\/wp-json\/wp\/v2\/categories?post=30510"},{"taxonomy":"post_tag","embeddable":true,"href":"https:\/\/deutsche-gemeinschaft.eu\/de\/wp-json\/wp\/v2\/tags?post=30510"}],"curies":[{"name":"wp","href":"https:\/\/api.w.org\/{rel}","templated":true}]}}