{"id":30475,"date":"2021-10-04T10:22:17","date_gmt":"2021-10-04T08:22:17","guid":{"rendered":"https:\/\/deutsche-gemeinschaft.eu\/fotomarathon\/"},"modified":"2022-03-08T12:02:47","modified_gmt":"2022-03-08T11:02:47","slug":"fotomarathon","status":"publish","type":"post","link":"https:\/\/deutsche-gemeinschaft.eu\/de\/fotomarathon\/","title":{"rendered":"Fotomarathon"},"content":{"rendered":"<div class=\"fusion-fullwidth fullwidth-box fusion-builder-row-1 fusion-flex-container nonhundred-percent-fullwidth non-hundred-percent-height-scrolling\" style=\"--awb-border-radius-top-left:0px;--awb-border-radius-top-right:0px;--awb-border-radius-bottom-right:0px;--awb-border-radius-bottom-left:0px;--awb-flex-wrap:wrap;\" ><div class=\"fusion-builder-row fusion-row fusion-flex-align-items-flex-start fusion-flex-content-wrap\" style=\"max-width:1414.4px;margin-left: calc(-4% \/ 2 );margin-right: calc(-4% \/ 2 );\"><div class=\"fusion-layout-column fusion_builder_column fusion-builder-column-0 fusion_builder_column_1_2 1_2 fusion-flex-column\" style=\"--awb-bg-size:cover;--awb-width-large:50%;--awb-margin-top-large:0px;--awb-spacing-right-large:3.84%;--awb-margin-bottom-large:20px;--awb-spacing-left-large:3.84%;--awb-width-medium:50%;--awb-order-medium:0;--awb-spacing-right-medium:3.84%;--awb-spacing-left-medium:3.84%;--awb-width-small:100%;--awb-order-small:0;--awb-spacing-right-small:1.92%;--awb-spacing-left-small:1.92%;\"><div class=\"fusion-column-wrapper fusion-column-has-shadow fusion-flex-justify-content-flex-start fusion-content-layout-column\"><div class=\"fusion-slider-sc\"><div class=\"fusion-flexslider-loading flexslider flexslider-hover-type-none\" data-slideshow_autoplay=\"1\" data-slideshow_smooth_height=\"0\" data-slideshow_speed=\"7000\" style=\"max-width:100%;height:100%;\"><ul class=\"slides\"><li class=\"image\"><span class=\"fusion-image-hover-element hover-type-none\"><img decoding=\"async\" src=\"https:\/\/deutsche-gemeinschaft.eu\/wp-content\/uploads\/2021\/10\/20211002_101609-1-scaled.jpg\" alt=\"fotomaraton\" width=\"2560\" height=\"1920\" class=\"wp-image-30454\" srcset=\"https:\/\/deutsche-gemeinschaft.eu\/wp-content\/uploads\/2021\/10\/20211002_101609-1-200x150.jpg 200w, https:\/\/deutsche-gemeinschaft.eu\/wp-content\/uploads\/2021\/10\/20211002_101609-1-400x300.jpg 400w, https:\/\/deutsche-gemeinschaft.eu\/wp-content\/uploads\/2021\/10\/20211002_101609-1-600x450.jpg 600w, https:\/\/deutsche-gemeinschaft.eu\/wp-content\/uploads\/2021\/10\/20211002_101609-1-800x600.jpg 800w, https:\/\/deutsche-gemeinschaft.eu\/wp-content\/uploads\/2021\/10\/20211002_101609-1-1200x900.jpg 1200w, https:\/\/deutsche-gemeinschaft.eu\/wp-content\/uploads\/2021\/10\/20211002_101609-1-scaled.jpg 2560w\" sizes=\"(max-width: 640px) 100vw, 800px\" \/><\/span><\/li><li class=\"image\"><span class=\"fusion-image-hover-element hover-type-none\"><img decoding=\"async\" src=\"https:\/\/deutsche-gemeinschaft.eu\/wp-content\/uploads\/2021\/10\/20211002_101728-1-scaled.jpg\" alt=\"fotomaraton\" width=\"2560\" height=\"1920\" class=\"wp-image-30456\" srcset=\"https:\/\/deutsche-gemeinschaft.eu\/wp-content\/uploads\/2021\/10\/20211002_101728-1-200x150.jpg 200w, https:\/\/deutsche-gemeinschaft.eu\/wp-content\/uploads\/2021\/10\/20211002_101728-1-400x300.jpg 400w, https:\/\/deutsche-gemeinschaft.eu\/wp-content\/uploads\/2021\/10\/20211002_101728-1-600x450.jpg 600w, https:\/\/deutsche-gemeinschaft.eu\/wp-content\/uploads\/2021\/10\/20211002_101728-1-800x600.jpg 800w, https:\/\/deutsche-gemeinschaft.eu\/wp-content\/uploads\/2021\/10\/20211002_101728-1-1200x900.jpg 1200w, https:\/\/deutsche-gemeinschaft.eu\/wp-content\/uploads\/2021\/10\/20211002_101728-1-scaled.jpg 2560w\" sizes=\"(max-width: 640px) 100vw, 800px\" \/><\/span><\/li><li class=\"image\"><span class=\"fusion-image-hover-element hover-type-none\"><img decoding=\"async\" src=\"https:\/\/deutsche-gemeinschaft.eu\/wp-content\/uploads\/2021\/10\/20211002_102436-1-scaled.jpg\" alt=\"fotomaraton\" width=\"2560\" height=\"1920\" class=\"wp-image-30458\" srcset=\"https:\/\/deutsche-gemeinschaft.eu\/wp-content\/uploads\/2021\/10\/20211002_102436-1-200x150.jpg 200w, https:\/\/deutsche-gemeinschaft.eu\/wp-content\/uploads\/2021\/10\/20211002_102436-1-400x300.jpg 400w, https:\/\/deutsche-gemeinschaft.eu\/wp-content\/uploads\/2021\/10\/20211002_102436-1-600x450.jpg 600w, https:\/\/deutsche-gemeinschaft.eu\/wp-content\/uploads\/2021\/10\/20211002_102436-1-800x600.jpg 800w, https:\/\/deutsche-gemeinschaft.eu\/wp-content\/uploads\/2021\/10\/20211002_102436-1-1200x900.jpg 1200w, https:\/\/deutsche-gemeinschaft.eu\/wp-content\/uploads\/2021\/10\/20211002_102436-1-scaled.jpg 2560w\" sizes=\"(max-width: 640px) 100vw, 800px\" \/><\/span><\/li><li class=\"image\"><span class=\"fusion-image-hover-element hover-type-none\"><img decoding=\"async\" src=\"https:\/\/deutsche-gemeinschaft.eu\/wp-content\/uploads\/2021\/10\/20211002_102452-1-scaled.jpg\" alt=\"fotomaraton\" width=\"2560\" height=\"1920\" class=\"wp-image-30460\" srcset=\"https:\/\/deutsche-gemeinschaft.eu\/wp-content\/uploads\/2021\/10\/20211002_102452-1-200x150.jpg 200w, https:\/\/deutsche-gemeinschaft.eu\/wp-content\/uploads\/2021\/10\/20211002_102452-1-400x300.jpg 400w, https:\/\/deutsche-gemeinschaft.eu\/wp-content\/uploads\/2021\/10\/20211002_102452-1-600x450.jpg 600w, https:\/\/deutsche-gemeinschaft.eu\/wp-content\/uploads\/2021\/10\/20211002_102452-1-800x600.jpg 800w, https:\/\/deutsche-gemeinschaft.eu\/wp-content\/uploads\/2021\/10\/20211002_102452-1-1200x900.jpg 1200w, https:\/\/deutsche-gemeinschaft.eu\/wp-content\/uploads\/2021\/10\/20211002_102452-1-scaled.jpg 2560w\" sizes=\"(max-width: 640px) 100vw, 800px\" \/><\/span><\/li><li class=\"image\"><span class=\"fusion-image-hover-element hover-type-none\"><img decoding=\"async\" src=\"https:\/\/deutsche-gemeinschaft.eu\/wp-content\/uploads\/2021\/10\/20211002_103434-1-scaled.jpg\" alt=\"fotomaraton\" width=\"2560\" height=\"1920\" class=\"wp-image-30462\" srcset=\"https:\/\/deutsche-gemeinschaft.eu\/wp-content\/uploads\/2021\/10\/20211002_103434-1-200x150.jpg 200w, https:\/\/deutsche-gemeinschaft.eu\/wp-content\/uploads\/2021\/10\/20211002_103434-1-400x300.jpg 400w, https:\/\/deutsche-gemeinschaft.eu\/wp-content\/uploads\/2021\/10\/20211002_103434-1-600x450.jpg 600w, https:\/\/deutsche-gemeinschaft.eu\/wp-content\/uploads\/2021\/10\/20211002_103434-1-800x600.jpg 800w, https:\/\/deutsche-gemeinschaft.eu\/wp-content\/uploads\/2021\/10\/20211002_103434-1-1200x900.jpg 1200w, https:\/\/deutsche-gemeinschaft.eu\/wp-content\/uploads\/2021\/10\/20211002_103434-1-scaled.jpg 2560w\" sizes=\"(max-width: 640px) 100vw, 800px\" \/><\/span><\/li><li class=\"image\"><span class=\"fusion-image-hover-element hover-type-none\"><img decoding=\"async\" src=\"https:\/\/deutsche-gemeinschaft.eu\/wp-content\/uploads\/2021\/10\/20211002_104252-1-scaled.jpg\" alt=\"fotomaraton\" width=\"2560\" height=\"1920\" class=\"wp-image-30464\" srcset=\"https:\/\/deutsche-gemeinschaft.eu\/wp-content\/uploads\/2021\/10\/20211002_104252-1-200x150.jpg 200w, https:\/\/deutsche-gemeinschaft.eu\/wp-content\/uploads\/2021\/10\/20211002_104252-1-400x300.jpg 400w, https:\/\/deutsche-gemeinschaft.eu\/wp-content\/uploads\/2021\/10\/20211002_104252-1-600x450.jpg 600w, https:\/\/deutsche-gemeinschaft.eu\/wp-content\/uploads\/2021\/10\/20211002_104252-1-800x600.jpg 800w, https:\/\/deutsche-gemeinschaft.eu\/wp-content\/uploads\/2021\/10\/20211002_104252-1-1200x900.jpg 1200w, https:\/\/deutsche-gemeinschaft.eu\/wp-content\/uploads\/2021\/10\/20211002_104252-1-scaled.jpg 2560w\" sizes=\"(max-width: 640px) 100vw, 800px\" \/><\/span><\/li><li class=\"image\"><span class=\"fusion-image-hover-element hover-type-none\"><img decoding=\"async\" src=\"https:\/\/deutsche-gemeinschaft.eu\/wp-content\/uploads\/2021\/10\/20211002_104648-1-scaled.jpg\" alt=\"fotomaraton\" width=\"2560\" height=\"1920\" class=\"wp-image-30466\" srcset=\"https:\/\/deutsche-gemeinschaft.eu\/wp-content\/uploads\/2021\/10\/20211002_104648-1-200x150.jpg 200w, https:\/\/deutsche-gemeinschaft.eu\/wp-content\/uploads\/2021\/10\/20211002_104648-1-400x300.jpg 400w, https:\/\/deutsche-gemeinschaft.eu\/wp-content\/uploads\/2021\/10\/20211002_104648-1-600x450.jpg 600w, https:\/\/deutsche-gemeinschaft.eu\/wp-content\/uploads\/2021\/10\/20211002_104648-1-800x600.jpg 800w, https:\/\/deutsche-gemeinschaft.eu\/wp-content\/uploads\/2021\/10\/20211002_104648-1-1200x900.jpg 1200w, https:\/\/deutsche-gemeinschaft.eu\/wp-content\/uploads\/2021\/10\/20211002_104648-1-scaled.jpg 2560w\" sizes=\"(max-width: 640px) 100vw, 800px\" \/><\/span><\/li><li class=\"image\"><span class=\"fusion-image-hover-element hover-type-none\"><img decoding=\"async\" src=\"https:\/\/deutsche-gemeinschaft.eu\/wp-content\/uploads\/2021\/10\/20211002_104705-1-scaled.jpg\" alt=\"fotomaraton\" width=\"2560\" height=\"1920\" class=\"wp-image-30468\" srcset=\"https:\/\/deutsche-gemeinschaft.eu\/wp-content\/uploads\/2021\/10\/20211002_104705-1-200x150.jpg 200w, https:\/\/deutsche-gemeinschaft.eu\/wp-content\/uploads\/2021\/10\/20211002_104705-1-400x300.jpg 400w, https:\/\/deutsche-gemeinschaft.eu\/wp-content\/uploads\/2021\/10\/20211002_104705-1-600x450.jpg 600w, https:\/\/deutsche-gemeinschaft.eu\/wp-content\/uploads\/2021\/10\/20211002_104705-1-800x600.jpg 800w, https:\/\/deutsche-gemeinschaft.eu\/wp-content\/uploads\/2021\/10\/20211002_104705-1-1200x900.jpg 1200w, https:\/\/deutsche-gemeinschaft.eu\/wp-content\/uploads\/2021\/10\/20211002_104705-1-scaled.jpg 2560w\" sizes=\"(max-width: 640px) 100vw, 800px\" \/><\/span><\/li><li class=\"image\"><span class=\"fusion-image-hover-element hover-type-none\"><img decoding=\"async\" src=\"https:\/\/deutsche-gemeinschaft.eu\/wp-content\/uploads\/2021\/10\/20211002_104726-1-scaled.jpg\" alt=\"fotomaraton\" width=\"2560\" height=\"1920\" class=\"wp-image-30470\" srcset=\"https:\/\/deutsche-gemeinschaft.eu\/wp-content\/uploads\/2021\/10\/20211002_104726-1-200x150.jpg 200w, https:\/\/deutsche-gemeinschaft.eu\/wp-content\/uploads\/2021\/10\/20211002_104726-1-400x300.jpg 400w, https:\/\/deutsche-gemeinschaft.eu\/wp-content\/uploads\/2021\/10\/20211002_104726-1-600x450.jpg 600w, https:\/\/deutsche-gemeinschaft.eu\/wp-content\/uploads\/2021\/10\/20211002_104726-1-800x600.jpg 800w, https:\/\/deutsche-gemeinschaft.eu\/wp-content\/uploads\/2021\/10\/20211002_104726-1-1200x900.jpg 1200w, https:\/\/deutsche-gemeinschaft.eu\/wp-content\/uploads\/2021\/10\/20211002_104726-1-scaled.jpg 2560w\" sizes=\"(max-width: 640px) 100vw, 800px\" \/><\/span><\/li><\/ul><\/div><\/div><\/div><\/div><div class=\"fusion-layout-column fusion_builder_column fusion-builder-column-1 fusion_builder_column_1_2 1_2 fusion-flex-column\" style=\"--awb-bg-size:cover;--awb-width-large:50%;--awb-margin-top-large:0px;--awb-spacing-right-large:3.84%;--awb-margin-bottom-large:20px;--awb-spacing-left-large:3.84%;--awb-width-medium:50%;--awb-order-medium:0;--awb-spacing-right-medium:3.84%;--awb-spacing-left-medium:3.84%;--awb-width-small:100%;--awb-order-small:0;--awb-spacing-right-small:1.92%;--awb-spacing-left-small:1.92%;\"><div class=\"fusion-column-wrapper fusion-column-has-shadow fusion-flex-justify-content-flex-start fusion-content-layout-column\"><div class=\"fusion-text fusion-text-1\"><p style=\"text-align: center;\">Am Samstag, dem 2. Oktober, starteten wir mit der ersten Aktivit\u00e4t des <strong>Deutschen Kulturmonats &#8211; Fotomarathon<\/strong>. Die Teilnehmer versammelten sich um 10 Uhr vor der Deutschen Gemeinschaft. Studierende aus dem <em>I., II., III. Gymnasium, Gaudeamus, Grundschule Sveta Ana und Grundschule Dobri\u0161a Cesari\u0107<\/em> nahmen teil. Zusammen mit einem fachkundigen Fremdenf\u00fchrer, Herrn <strong>Ivor Mayer<\/strong>, besichtigten sie das Zentrum von Osijek. Der F\u00fchrer erz\u00e4hlte ihnen \u00fcber die Geschichte der Stadt, die Entwicklung der Wirtschaft, Kultur, Kunst und Architektur, basierend auf dem Einfluss der Deutschen, die im Laufe der Geschichte in Osijek wirkten.<\/p>\n<p style=\"text-align: center;\">Die Aufgabe der Teilnehmer ist es, etwas auszuw\u00e4hlen, das deutsche Wurzeln in Osijek repr\u00e4sentiert, ein Foto zu machen und mit einem kurzen Text zu erkl\u00e4ren, warum sie sich f\u00fcr dieses spezielle Motiv entschieden haben, und sie sollen ihre Werke an die E-Mail der Gemeinschaft senden. Die Fachjury bewertet sie und w\u00e4hlt drei pr\u00e4mierte Arbeiten aus.<\/p>\n<\/div><\/div><\/div><\/div><\/div>\n","protected":false},"excerpt":{"rendered":"","protected":false},"author":2,"featured_media":30473,"comment_status":"closed","ping_status":"closed","sticky":false,"template":"","format":"standard","meta":{"footnotes":""},"categories":[12],"tags":[],"class_list":["post-30475","post","type-post","status-publish","format-standard","has-post-thumbnail","hentry","category-nachrichten"],"yoast_head":"<!-- This site is optimized with the Yoast SEO plugin v26.9 - https:\/\/yoast.com\/product\/yoast-seo-wordpress\/ -->\n<title>Fotomarathon - Deutsche Gemeinschaft<\/title>\n<meta name=\"robots\" content=\"index, follow, max-snippet:-1, max-image-preview:large, max-video-preview:-1\" \/>\n<link rel=\"canonical\" href=\"https:\/\/deutsche-gemeinschaft.eu\/de\/fotomarathon\/\" \/>\n<meta property=\"og:locale\" content=\"de_DE\" \/>\n<meta property=\"og:type\" content=\"article\" \/>\n<meta property=\"og:title\" content=\"Fotomarathon - Deutsche Gemeinschaft\" \/>\n<meta property=\"og:url\" content=\"https:\/\/deutsche-gemeinschaft.eu\/de\/fotomarathon\/\" \/>\n<meta property=\"og:site_name\" content=\"Deutsche Gemeinschaft\" \/>\n<meta property=\"article:publisher\" content=\"https:\/\/www.facebook.com\/Deutsche-Gemeinschaft-Njema%c4%8dka-zajednica-Osijek-164509470230884\/?fref=photo\" \/>\n<meta property=\"article:published_time\" content=\"2021-10-04T08:22:17+00:00\" \/>\n<meta property=\"article:modified_time\" content=\"2022-03-08T11:02:47+00:00\" \/>\n<meta property=\"og:image\" content=\"https:\/\/deutsche-gemeinschaft.eu\/wp-content\/uploads\/2021\/10\/20211002_101313-scaled.jpg\" \/>\n\t<meta property=\"og:image:width\" content=\"2560\" \/>\n\t<meta property=\"og:image:height\" content=\"1920\" \/>\n\t<meta property=\"og:image:type\" content=\"image\/jpeg\" \/>\n<meta name=\"author\" content=\"Adrian Ravli\u0107\" \/>\n<meta name=\"twitter:card\" content=\"summary_large_image\" \/>\n<meta name=\"twitter:label1\" content=\"Verfasst von\" \/>\n\t<meta name=\"twitter:data1\" content=\"Adrian Ravli\u0107\" \/>\n\t<meta name=\"twitter:label2\" content=\"Gesch\u00e4tzte Lesezeit\" \/>\n\t<meta name=\"twitter:data2\" content=\"6\u00a0Minuten\" \/>\n<script type=\"application\/ld+json\" class=\"yoast-schema-graph\">{\"@context\":\"https:\/\/schema.org\",\"@graph\":[{\"@type\":\"Article\",\"@id\":\"https:\/\/deutsche-gemeinschaft.eu\/de\/fotomarathon\/#article\",\"isPartOf\":{\"@id\":\"https:\/\/deutsche-gemeinschaft.eu\/de\/fotomarathon\/\"},\"author\":{\"name\":\"Adrian Ravli\u0107\",\"@id\":\"https:\/\/deutsche-gemeinschaft.eu\/#\/schema\/person\/a156c21cc3a1235c7d038366f3f51108\"},\"headline\":\"Fotomarathon\",\"datePublished\":\"2021-10-04T08:22:17+00:00\",\"dateModified\":\"2022-03-08T11:02:47+00:00\",\"mainEntityOfPage\":{\"@id\":\"https:\/\/deutsche-gemeinschaft.eu\/de\/fotomarathon\/\"},\"wordCount\":1199,\"publisher\":{\"@id\":\"https:\/\/deutsche-gemeinschaft.eu\/#organization\"},\"image\":{\"@id\":\"https:\/\/deutsche-gemeinschaft.eu\/de\/fotomarathon\/#primaryimage\"},\"thumbnailUrl\":\"https:\/\/deutsche-gemeinschaft.eu\/wp-content\/uploads\/2021\/10\/20211002_101313-scaled.jpg\",\"articleSection\":[\"Nachrichten\"],\"inLanguage\":\"de\"},{\"@type\":\"WebPage\",\"@id\":\"https:\/\/deutsche-gemeinschaft.eu\/de\/fotomarathon\/\",\"url\":\"https:\/\/deutsche-gemeinschaft.eu\/de\/fotomarathon\/\",\"name\":\"Fotomarathon - Deutsche Gemeinschaft\",\"isPartOf\":{\"@id\":\"https:\/\/deutsche-gemeinschaft.eu\/#website\"},\"primaryImageOfPage\":{\"@id\":\"https:\/\/deutsche-gemeinschaft.eu\/de\/fotomarathon\/#primaryimage\"},\"image\":{\"@id\":\"https:\/\/deutsche-gemeinschaft.eu\/de\/fotomarathon\/#primaryimage\"},\"thumbnailUrl\":\"https:\/\/deutsche-gemeinschaft.eu\/wp-content\/uploads\/2021\/10\/20211002_101313-scaled.jpg\",\"datePublished\":\"2021-10-04T08:22:17+00:00\",\"dateModified\":\"2022-03-08T11:02:47+00:00\",\"breadcrumb\":{\"@id\":\"https:\/\/deutsche-gemeinschaft.eu\/de\/fotomarathon\/#breadcrumb\"},\"inLanguage\":\"de\",\"potentialAction\":[{\"@type\":\"ReadAction\",\"target\":[\"https:\/\/deutsche-gemeinschaft.eu\/de\/fotomarathon\/\"]}]},{\"@type\":\"ImageObject\",\"inLanguage\":\"de\",\"@id\":\"https:\/\/deutsche-gemeinschaft.eu\/de\/fotomarathon\/#primaryimage\",\"url\":\"https:\/\/deutsche-gemeinschaft.eu\/wp-content\/uploads\/2021\/10\/20211002_101313-scaled.jpg\",\"contentUrl\":\"https:\/\/deutsche-gemeinschaft.eu\/wp-content\/uploads\/2021\/10\/20211002_101313-scaled.jpg\",\"width\":2560,\"height\":1920,\"caption\":\"fotomaraton\"},{\"@type\":\"BreadcrumbList\",\"@id\":\"https:\/\/deutsche-gemeinschaft.eu\/de\/fotomarathon\/#breadcrumb\",\"itemListElement\":[{\"@type\":\"ListItem\",\"position\":1,\"name\":\"Po\u010detna stranica\",\"item\":\"https:\/\/deutsche-gemeinschaft.eu\/de\/\"},{\"@type\":\"ListItem\",\"position\":2,\"name\":\"Fotomarathon\"}]},{\"@type\":\"WebSite\",\"@id\":\"https:\/\/deutsche-gemeinschaft.eu\/#website\",\"url\":\"https:\/\/deutsche-gemeinschaft.eu\/\",\"name\":\"Deutsche Gemeinschaft\",\"description\":\"\",\"publisher\":{\"@id\":\"https:\/\/deutsche-gemeinschaft.eu\/#organization\"},\"potentialAction\":[{\"@type\":\"SearchAction\",\"target\":{\"@type\":\"EntryPoint\",\"urlTemplate\":\"https:\/\/deutsche-gemeinschaft.eu\/?s={search_term_string}\"},\"query-input\":{\"@type\":\"PropertyValueSpecification\",\"valueRequired\":true,\"valueName\":\"search_term_string\"}}],\"inLanguage\":\"de\"},{\"@type\":\"Organization\",\"@id\":\"https:\/\/deutsche-gemeinschaft.eu\/#organization\",\"name\":\"ZEMALJSKA UDRUGA PODUNAVSKIH \u0160VABA U HRVATSKOJ OSIJEK\",\"url\":\"https:\/\/deutsche-gemeinschaft.eu\/\",\"logo\":{\"@type\":\"ImageObject\",\"inLanguage\":\"de\",\"@id\":\"https:\/\/deutsche-gemeinschaft.eu\/#\/schema\/logo\/image\/\",\"url\":\"https:\/\/deutsche-gemeinschaft.eu\/wp-content\/uploads\/2020\/11\/vdg_favicon_apple_retina167.png\",\"contentUrl\":\"https:\/\/deutsche-gemeinschaft.eu\/wp-content\/uploads\/2020\/11\/vdg_favicon_apple_retina167.png\",\"width\":126,\"height\":167,\"caption\":\"ZEMALJSKA UDRUGA PODUNAVSKIH \u0160VABA U HRVATSKOJ OSIJEK\"},\"image\":{\"@id\":\"https:\/\/deutsche-gemeinschaft.eu\/#\/schema\/logo\/image\/\"},\"sameAs\":[\"https:\/\/www.facebook.com\/Deutsche-Gemeinschaft-Njema\u010dka-zajednica-Osijek-164509470230884\/?fref=photo\",\"https:\/\/www.instagram.com\/deutsche.gemeinschaft\/\",\"https:\/\/www.youtube.com\/channel\/UCI61Vso5HdZDM4dUETTFYyA\"]},{\"@type\":\"Person\",\"@id\":\"https:\/\/deutsche-gemeinschaft.eu\/#\/schema\/person\/a156c21cc3a1235c7d038366f3f51108\",\"name\":\"Adrian Ravli\u0107\",\"image\":{\"@type\":\"ImageObject\",\"inLanguage\":\"de\",\"@id\":\"https:\/\/deutsche-gemeinschaft.eu\/#\/schema\/person\/image\/\",\"url\":\"https:\/\/secure.gravatar.com\/avatar\/edc859417cb5ebe16668c71b31d42cadac9ba93584c521425abdc47f4d9998ba?s=96&d=mm&r=g\",\"contentUrl\":\"https:\/\/secure.gravatar.com\/avatar\/edc859417cb5ebe16668c71b31d42cadac9ba93584c521425abdc47f4d9998ba?s=96&d=mm&r=g\",\"caption\":\"Adrian Ravli\u0107\"},\"url\":\"https:\/\/deutsche-gemeinschaft.eu\/de\/author\/adrian\/\"}]}<\/script>\n<!-- \/ Yoast SEO plugin. -->","yoast_head_json":{"title":"Fotomarathon - Deutsche Gemeinschaft","robots":{"index":"index","follow":"follow","max-snippet":"max-snippet:-1","max-image-preview":"max-image-preview:large","max-video-preview":"max-video-preview:-1"},"canonical":"https:\/\/deutsche-gemeinschaft.eu\/de\/fotomarathon\/","og_locale":"de_DE","og_type":"article","og_title":"Fotomarathon - Deutsche Gemeinschaft","og_url":"https:\/\/deutsche-gemeinschaft.eu\/de\/fotomarathon\/","og_site_name":"Deutsche Gemeinschaft","article_publisher":"https:\/\/www.facebook.com\/Deutsche-Gemeinschaft-Njema%c4%8dka-zajednica-Osijek-164509470230884\/?fref=photo","article_published_time":"2021-10-04T08:22:17+00:00","article_modified_time":"2022-03-08T11:02:47+00:00","og_image":[{"width":2560,"height":1920,"url":"https:\/\/deutsche-gemeinschaft.eu\/wp-content\/uploads\/2021\/10\/20211002_101313-scaled.jpg","type":"image\/jpeg"}],"author":"Adrian Ravli\u0107","twitter_card":"summary_large_image","twitter_misc":{"Verfasst von":"Adrian Ravli\u0107","Gesch\u00e4tzte Lesezeit":"6\u00a0Minuten"},"schema":{"@context":"https:\/\/schema.org","@graph":[{"@type":"Article","@id":"https:\/\/deutsche-gemeinschaft.eu\/de\/fotomarathon\/#article","isPartOf":{"@id":"https:\/\/deutsche-gemeinschaft.eu\/de\/fotomarathon\/"},"author":{"name":"Adrian Ravli\u0107","@id":"https:\/\/deutsche-gemeinschaft.eu\/#\/schema\/person\/a156c21cc3a1235c7d038366f3f51108"},"headline":"Fotomarathon","datePublished":"2021-10-04T08:22:17+00:00","dateModified":"2022-03-08T11:02:47+00:00","mainEntityOfPage":{"@id":"https:\/\/deutsche-gemeinschaft.eu\/de\/fotomarathon\/"},"wordCount":1199,"publisher":{"@id":"https:\/\/deutsche-gemeinschaft.eu\/#organization"},"image":{"@id":"https:\/\/deutsche-gemeinschaft.eu\/de\/fotomarathon\/#primaryimage"},"thumbnailUrl":"https:\/\/deutsche-gemeinschaft.eu\/wp-content\/uploads\/2021\/10\/20211002_101313-scaled.jpg","articleSection":["Nachrichten"],"inLanguage":"de"},{"@type":"WebPage","@id":"https:\/\/deutsche-gemeinschaft.eu\/de\/fotomarathon\/","url":"https:\/\/deutsche-gemeinschaft.eu\/de\/fotomarathon\/","name":"Fotomarathon - Deutsche Gemeinschaft","isPartOf":{"@id":"https:\/\/deutsche-gemeinschaft.eu\/#website"},"primaryImageOfPage":{"@id":"https:\/\/deutsche-gemeinschaft.eu\/de\/fotomarathon\/#primaryimage"},"image":{"@id":"https:\/\/deutsche-gemeinschaft.eu\/de\/fotomarathon\/#primaryimage"},"thumbnailUrl":"https:\/\/deutsche-gemeinschaft.eu\/wp-content\/uploads\/2021\/10\/20211002_101313-scaled.jpg","datePublished":"2021-10-04T08:22:17+00:00","dateModified":"2022-03-08T11:02:47+00:00","breadcrumb":{"@id":"https:\/\/deutsche-gemeinschaft.eu\/de\/fotomarathon\/#breadcrumb"},"inLanguage":"de","potentialAction":[{"@type":"ReadAction","target":["https:\/\/deutsche-gemeinschaft.eu\/de\/fotomarathon\/"]}]},{"@type":"ImageObject","inLanguage":"de","@id":"https:\/\/deutsche-gemeinschaft.eu\/de\/fotomarathon\/#primaryimage","url":"https:\/\/deutsche-gemeinschaft.eu\/wp-content\/uploads\/2021\/10\/20211002_101313-scaled.jpg","contentUrl":"https:\/\/deutsche-gemeinschaft.eu\/wp-content\/uploads\/2021\/10\/20211002_101313-scaled.jpg","width":2560,"height":1920,"caption":"fotomaraton"},{"@type":"BreadcrumbList","@id":"https:\/\/deutsche-gemeinschaft.eu\/de\/fotomarathon\/#breadcrumb","itemListElement":[{"@type":"ListItem","position":1,"name":"Po\u010detna stranica","item":"https:\/\/deutsche-gemeinschaft.eu\/de\/"},{"@type":"ListItem","position":2,"name":"Fotomarathon"}]},{"@type":"WebSite","@id":"https:\/\/deutsche-gemeinschaft.eu\/#website","url":"https:\/\/deutsche-gemeinschaft.eu\/","name":"Deutsche Gemeinschaft","description":"","publisher":{"@id":"https:\/\/deutsche-gemeinschaft.eu\/#organization"},"potentialAction":[{"@type":"SearchAction","target":{"@type":"EntryPoint","urlTemplate":"https:\/\/deutsche-gemeinschaft.eu\/?s={search_term_string}"},"query-input":{"@type":"PropertyValueSpecification","valueRequired":true,"valueName":"search_term_string"}}],"inLanguage":"de"},{"@type":"Organization","@id":"https:\/\/deutsche-gemeinschaft.eu\/#organization","name":"ZEMALJSKA UDRUGA PODUNAVSKIH \u0160VABA U HRVATSKOJ OSIJEK","url":"https:\/\/deutsche-gemeinschaft.eu\/","logo":{"@type":"ImageObject","inLanguage":"de","@id":"https:\/\/deutsche-gemeinschaft.eu\/#\/schema\/logo\/image\/","url":"https:\/\/deutsche-gemeinschaft.eu\/wp-content\/uploads\/2020\/11\/vdg_favicon_apple_retina167.png","contentUrl":"https:\/\/deutsche-gemeinschaft.eu\/wp-content\/uploads\/2020\/11\/vdg_favicon_apple_retina167.png","width":126,"height":167,"caption":"ZEMALJSKA UDRUGA PODUNAVSKIH \u0160VABA U HRVATSKOJ OSIJEK"},"image":{"@id":"https:\/\/deutsche-gemeinschaft.eu\/#\/schema\/logo\/image\/"},"sameAs":["https:\/\/www.facebook.com\/Deutsche-Gemeinschaft-Njema\u010dka-zajednica-Osijek-164509470230884\/?fref=photo","https:\/\/www.instagram.com\/deutsche.gemeinschaft\/","https:\/\/www.youtube.com\/channel\/UCI61Vso5HdZDM4dUETTFYyA"]},{"@type":"Person","@id":"https:\/\/deutsche-gemeinschaft.eu\/#\/schema\/person\/a156c21cc3a1235c7d038366f3f51108","name":"Adrian Ravli\u0107","image":{"@type":"ImageObject","inLanguage":"de","@id":"https:\/\/deutsche-gemeinschaft.eu\/#\/schema\/person\/image\/","url":"https:\/\/secure.gravatar.com\/avatar\/edc859417cb5ebe16668c71b31d42cadac9ba93584c521425abdc47f4d9998ba?s=96&d=mm&r=g","contentUrl":"https:\/\/secure.gravatar.com\/avatar\/edc859417cb5ebe16668c71b31d42cadac9ba93584c521425abdc47f4d9998ba?s=96&d=mm&r=g","caption":"Adrian Ravli\u0107"},"url":"https:\/\/deutsche-gemeinschaft.eu\/de\/author\/adrian\/"}]}},"_links":{"self":[{"href":"https:\/\/deutsche-gemeinschaft.eu\/de\/wp-json\/wp\/v2\/posts\/30475","targetHints":{"allow":["GET"]}}],"collection":[{"href":"https:\/\/deutsche-gemeinschaft.eu\/de\/wp-json\/wp\/v2\/posts"}],"about":[{"href":"https:\/\/deutsche-gemeinschaft.eu\/de\/wp-json\/wp\/v2\/types\/post"}],"author":[{"embeddable":true,"href":"https:\/\/deutsche-gemeinschaft.eu\/de\/wp-json\/wp\/v2\/users\/2"}],"replies":[{"embeddable":true,"href":"https:\/\/deutsche-gemeinschaft.eu\/de\/wp-json\/wp\/v2\/comments?post=30475"}],"version-history":[{"count":11,"href":"https:\/\/deutsche-gemeinschaft.eu\/de\/wp-json\/wp\/v2\/posts\/30475\/revisions"}],"predecessor-version":[{"id":31160,"href":"https:\/\/deutsche-gemeinschaft.eu\/de\/wp-json\/wp\/v2\/posts\/30475\/revisions\/31160"}],"wp:featuredmedia":[{"embeddable":true,"href":"https:\/\/deutsche-gemeinschaft.eu\/de\/wp-json\/wp\/v2\/media\/30473"}],"wp:attachment":[{"href":"https:\/\/deutsche-gemeinschaft.eu\/de\/wp-json\/wp\/v2\/media?parent=30475"}],"wp:term":[{"taxonomy":"category","embeddable":true,"href":"https:\/\/deutsche-gemeinschaft.eu\/de\/wp-json\/wp\/v2\/categories?post=30475"},{"taxonomy":"post_tag","embeddable":true,"href":"https:\/\/deutsche-gemeinschaft.eu\/de\/wp-json\/wp\/v2\/tags?post=30475"}],"curies":[{"name":"wp","href":"https:\/\/api.w.org\/{rel}","templated":true}]}}